{"id":32611,"date":"2019-05-06T10:51:26","date_gmt":"2019-05-06T14:51:26","guid":{"rendered":"https:\/\/linitiative.ca\/International\/bombardier-ne-quitte-pas-le-maroc\/"},"modified":"2019-05-06T10:51:26","modified_gmt":"2019-05-06T14:51:26","slug":"bombardier-ne-quitte-pas-le-maroc","status":"publish","type":"post","link":"https:\/\/linitiative.ca\/International\/bombardier-ne-quitte-pas-le-maroc\/","title":{"rendered":"Bombardier ne quitte pas le Maroc"},"content":{"rendered":"<p><strong>Bombardier<\/strong> a-t-il c\u00e9d\u00e9 ou pas ses activit\u00e9s au Maroc ? C\u2019est la question \u00e0 laquelle a r\u00e9pondu Moulay Hafid Elalamy, ministre de l\u2019Industrie, de l\u2019Investissement, du Commerce et de l\u2019Economie num\u00e9rique, lundi, lors d\u2019une conf\u00e9rence de presse, dont l\u2019objet \u00e9tait de clarifier la situation du groupe dans le Royaume.<\/p>\n<div class=\"c10\"\/>\n<p>Implant\u00e9e \u00e0 Casablanca depuis 2014, le constructeur canadien Bombardier a annonc\u00e9 derni\u00e8rement la cession de ses activit\u00e9s d\u2019a\u00e9rostructures au Maroc, lors de la pr\u00e9sentation des r\u00e9sultats financiers du premier trimestre de 2019.<\/p>\n<p><img loading=\"lazy\" decoding=\"async\" class=\"size-medium wp-image-108793\" src=\"https:\/\/www.challenge.ma\/wp-content\/uploads\/2019\/05\/Bombardier_usine_Nouacer_casablanca_06-982x505-1-300x154.jpg\" alt=\"\" width=\"300\" height=\"154\" srcset=\"https:\/\/www.challenge.ma\/wp-content\/uploads\/2019\/05\/Bombardier_usine_Nouacer_casablanca_06-982x505-1-300x154.jpg 300w, https:\/\/www.challenge.ma\/wp-content\/uploads\/2019\/05\/Bombardier_usine_Nouacer_casablanca_06-982x505-1-768x395.jpg 768w, https:\/\/www.challenge.ma\/wp-content\/uploads\/2019\/05\/Bombardier_usine_Nouacer_casablanca_06-982x505-1-360x185.jpg 360w, https:\/\/www.challenge.ma\/wp-content\/uploads\/2019\/05\/Bombardier_usine_Nouacer_casablanca_06-982x505-1-750x386.jpg 750w, https:\/\/www.challenge.ma\/wp-content\/uploads\/2019\/05\/Bombardier_usine_Nouacer_casablanca_06-982x505-1.jpg 982w\" sizes=\"auto, (max-width: 300px) 100vw, 300px\"\/>Usine Bombardier Casablanca<\/p>\n<p>Bombardier a donc d\u00e9cid\u00e9 de sortir l\u2019activit\u00e9 Belfast (3.500 employ\u00e9s) et l\u2019activit\u00e9 Maroc (400 personnes) et de les mettre dans un appel d\u2019offres pour pouvoir avoir des sous-traitants, leur c\u00e9der ses usines et se concentrer sur la construction de leurs avions d\u2019affaires, ce qu\u2019a bien d\u00e9clar\u00e9 le ministre : \u00a0\u00bb La d\u00e9cision qui a \u00e9t\u00e9 prise par Bombardier est de c\u00e9der la C series, l\u2019avion de 100 places qui a \u00e9t\u00e9 vendu \u00e0 Air Bus et s\u2019est recentr\u00e9 sur l\u2019aviation d\u2019affaires \u00ab\u00a0. Cependant un autre projet du minist\u00e8re avec Bombardier est en cours de d\u00e9veloppement. \u00a0\u00bb Nous d\u00e9veloppions un autre projet avec Bombardier, dont je ne peux divulguer les d\u00e9tails, mais qui se concr\u00e9tisera dans quelques jours\u00a0\u00bb, annonce Moulay Hafid Elalamy.<\/p>\n<p>Un appel d\u2019offres est en cours, qui regroupe une liste d\u2019internationaux de tout premier plan. Bombardier a choisi de grandes entreprises de sous-traitance a\u00e9ronautique dont les leaders Air bus et Spirit qui seront candidats. \u00a0\u00bb Je rappelle que plusieurs sous-traitants sont plus int\u00e9ressants que bombardier, et dans 3 semaines, en principe, on saura les nouveaux propri\u00e9taires \u00ab\u00a0, assure le ministre.<\/p>\n<p>Cette sortie du ministre de l\u2019Industrie intervient quelques jours apr\u00e8s\u00a0l\u2019annonce faite par le constructeur a\u00e9ronautique canadien Bombardier o\u00f9 le pr\u00e9sident et chef de la direction, Alain Bellemare, a d\u00e9clar\u00e9 : \u00a0\u00bb Il s\u2019agit de la bonne prochaine \u00e9tape de notre transformation. La consolidation des activit\u00e9s a\u00e9ronautiques simplifiera notre structure et la rendra plus cibl\u00e9e sur nos marques phares : Global, Challenger, Learjet et CRJ. Elle nous permettra aussi de mieux soutenir nos clients et de g\u00e9n\u00e9rer plus de valeur pour nos actionnaires \u00ab\u00a0. Bombardier \u00a0poursuivra la cession de ses activit\u00e9s d\u2019a\u00e9rostructures de Belfast et du Maroc, pr\u00e9cise par la suite le communiqu\u00e9, en \u00e9voquant de \u00a0\u00bb formidables activit\u00e9s aux capacit\u00e9s immenses \u00ab\u00a0.<\/p>\n<div class=\"c17\">\n<fieldset class=\"c16\">\n<legend><strong><span class=\"c11\">Challenge<\/span><span class=\"c12\">news<\/span><\/strong><\/legend>\n<div class=\"c15\">Le meilleur de la r\u00e9daction s\u00e9lectionn\u00e9 par Challenge :<\/p>\n<\/div>\n<\/fieldset>\n<\/div>\n<p>Auteur: Hajar DARI<br \/>\n<a href=\"https:\/\/www.challenge.ma\/bombardier-ne-quitte-pas-le-maroc-108779\/\">Cliquez ici pour lire l&rsquo;article depuis sa source.<\/a><\/p>\n","protected":false},"excerpt":{"rendered":"<p>Bombardier a-t-il c\u00e9d\u00e9 ou pas ses activit\u00e9s au Maroc ? C\u2019est la question \u00e0 laquelle a r\u00e9pondu Moulay Hafid Elalamy, ministre de l\u2019Industrie, de l\u2019Investissement, du Commerce et de l\u2019Economie num\u00e9rique, lundi, lors d\u2019une conf\u00e9rence de presse, dont l\u2019objet \u00e9tait de clarifier la situation du groupe dans le Royaume. Implant\u00e9e \u00e0 Casablanca depuis 2014, le [&hellip;]<\/p>\n","protected":false},"author":1787,"featured_media":32612,"comment_status":"closed","ping_status":"closed","sticky":false,"template":"","format":"standard","meta":{"fifu_image_url":"","fifu_image_alt":"","footnotes":""},"categories":[78,54],"tags":[],"class_list":["post-32611","post","type-post","status-publish","format-standard","has-post-thumbnail","hentry","category-economie","category-maroc"],"_links":{"self":[{"href":"https:\/\/linitiative.ca\/International\/wp-json\/wp\/v2\/posts\/32611","targetHints":{"allow":["GET"]}}],"collection":[{"href":"https:\/\/linitiative.ca\/International\/wp-json\/wp\/v2\/posts"}],"about":[{"href":"https:\/\/linitiative.ca\/International\/wp-json\/wp\/v2\/types\/post"}],"author":[{"embeddable":true,"href":"https:\/\/linitiative.ca\/International\/wp-json\/wp\/v2\/users\/1787"}],"replies":[{"embeddable":true,"href":"https:\/\/linitiative.ca\/International\/wp-json\/wp\/v2\/comments?post=32611"}],"version-history":[{"count":0,"href":"https:\/\/linitiative.ca\/International\/wp-json\/wp\/v2\/posts\/32611\/revisions"}],"wp:featuredmedia":[{"embeddable":true,"href":"https:\/\/linitiative.ca\/International\/wp-json\/"}],"wp:attachment":[{"href":"https:\/\/linitiative.ca\/International\/wp-json\/wp\/v2\/media?parent=32611"}],"wp:term":[{"taxonomy":"category","embeddable":true,"href":"https:\/\/linitiative.ca\/International\/wp-json\/wp\/v2\/categories?post=32611"},{"taxonomy":"post_tag","embeddable":true,"href":"https:\/\/linitiative.ca\/International\/wp-json\/wp\/v2\/tags?post=32611"}],"curies":[{"name":"wp","href":"https:\/\/api.w.org\/{rel}","templated":true}]}}