{"id":32614,"date":"2019-05-06T13:06:37","date_gmt":"2019-05-06T17:06:37","guid":{"rendered":"https:\/\/linitiative.ca\/International\/il-fait-lactu-mohcine-jazouli-ministre-delegue-charge-de-la-cooperation-africaine\/"},"modified":"2019-05-06T13:06:37","modified_gmt":"2019-05-06T17:06:37","slug":"il-fait-lactu-mohcine-jazouli-ministre-delegue-charge-de-la-cooperation-africaine","status":"publish","type":"post","link":"https:\/\/linitiative.ca\/International\/il-fait-lactu-mohcine-jazouli-ministre-delegue-charge-de-la-cooperation-africaine\/","title":{"rendered":"Il fait l\u2019actu : Mohcine Jazouli, ministre d\u00e9l\u00e9gu\u00e9 charg\u00e9 de la Coop\u00e9ration africaine"},"content":{"rendered":"<p>Le ministre d\u00e9l\u00e9gu\u00e9 charg\u00e9 de la Coop\u00e9ration africaine, <strong>Mohcine Jazouli<\/strong>, a soulign\u00e9, lundi, devant le Sommet europ\u00e9en des Affaires \u00ab\u00a0European Business Summit\u00a0\u00bb de Bruxelles, la pertinence de la vision africaine du Maroc pour conforter le nouveau paradigme r\u00e9gissant la relation Union europ\u00e9enne-Afrique, bas\u00e9e sur la logique de \u00ab\u00a0co-construction\u00a0\u00bb.<\/p>\n<div class=\"c10\"\/>\n<p>Intervenant lors d\u2019un panel intitul\u00e9 \u00ab\u00a0vers une Alliance renouvel\u00e9e Afrique\/UE\u00a0\u00bb, Jazouli a soulign\u00e9 que \u00ab\u00a0cette alliance est une nouvelle opportunit\u00e9, appel\u00e9e \u00e0 cr\u00e9er une rupture avec les sch\u00e9mas pass\u00e9s en \u00e9voluant d\u2019une logique d\u2019assist\u00e9s consommateurs \u00e0 une logique de partenaires coproducteurs et c\u2019est ce dont l\u2019Afrique a grandement besoin aujourd\u2019hui\u00a0\u00bb.<\/p>\n<p>Pour le ministre d\u00e9l\u00e9gu\u00e9, l\u2019Europe doit rapidement consid\u00e9rer l\u2019Afrique comme un alli\u00e9 et un partenaire capable de b\u00e2tir un avenir commun, de r\u00e9aliser des projets concrets, d\u2019affronter les m\u00eames d\u00e9fis avec le m\u00eame regard et la m\u00eame complicit\u00e9, \u00ab\u00a0le tout pour susciter un r\u00e9el d\u00e9sir d\u2019Afrique\u00a0\u00bb.<\/p>\n<p>C\u2019est d\u2019ailleurs, a-t-il dit, \u00ab\u00a0ce d\u00e9sir d\u2019Afrique qui a pouss\u00e9 le Maroc \u00e0 enclencher il y a 20 ans une nouvelle dynamique en direction du Continent, gr\u00e2ce \u00e0 la vision de Sa Majest\u00e9 le Roi Mohammed VI, dont l\u2019objectif principal a toujours \u00e9t\u00e9 le d\u00e9veloppement \u00e9conomique et social inclusif\u00a0\u00bb.<\/p>\n<p>La cinquantaine de visites royales dans plus de 30 pays africains ou encore les 1000 accords de coop\u00e9ration sign\u00e9s sont autant d\u2019illustrations qui d\u00e9montrent \u00ab\u00a0l\u2019engagement total du Maroc sur son continent\u00a0\u00bb, a relev\u00e9 le ministre.<\/p>\n<p>\u00ab\u00a0C\u2019est dans ce m\u00eame esprit que le Maroc, pour accompagner les autres pays africains dans leur \u00e9lan de d\u00e9veloppement et de croissance, favorise la coop\u00e9ration triangulaire et en fait un de ses piliers du partenariat Sud Sud\u00a0\u00bb, a-il not\u00e9, ajoutant que \u00ab\u00a0le Royaume, compte tenu de sa position g\u00e9ographique, de son histoire s\u00e9culaire, de sa dynamique de d\u00e9veloppement av\u00e9r\u00e9e et de son encrage africain, constitue une passerelle, un trait-d\u2019union entre nos deux continents qui contribuera, nous l\u2019esp\u00e9rons \u00e0 transformer les paroles en actes et \u00e0 gagner ainsi le pari de l\u2019\u00e9mergence de l\u2019Afrique\u00a0\u00bb.<\/p>\n<p>Jazouli a appel\u00e9 dans ce sens \u00e0 tirer profit du potentiel \u00e9norme que pr\u00e9sente le continent africain que ce soit sur le plan humain, des ressources naturelles, ou de la croissance \u00e9conomique \u2013 sur les 10 pays ayant la plus forte croissance en 2018, six sont africains-, d\u00e9plorant que \u00ab\u00a0ces richesses soient trop souvent export\u00e9es \u00e0 l\u2019\u00e9tat brut, rarement transform\u00e9es sur place, avec comme cons\u00e9quence une cha\u00eene de valeurs en pointill\u00e9e qui ne participe pas \u00e0 la croissance \u00e9conomique n\u00e9cessaire pour r\u00e9pondre efficacement aux besoins et aux exigences des populations africaines\u00a0\u00bb.<\/p>\n<p>Et de conclure: \u00ab\u00a0nous avons un destin commun qui nous impose de relever les d\u00e9fis du moment afin de partager les r\u00e9ussites de demain\u00a0\u00bb.<\/p>\n<div class=\"c17\">\n<fieldset class=\"c16\">\n<legend><strong><span class=\"c11\">Challenge<\/span><span class=\"c12\">news<\/span><\/strong><\/legend>\n<div class=\"c15\">Le meilleur de la r\u00e9daction s\u00e9lectionn\u00e9 par Challenge :<\/p>\n<\/div>\n<\/fieldset>\n<\/div>\n<p>Auteur: challenge<br \/>\n<a href=\"https:\/\/www.challenge.ma\/il-fait-lactu-mohcine-jazouli-ministre-delegue-charge-de-la-cooperation-africaine-108767\/\">Cliquez ici pour lire l&rsquo;article depuis sa source.<\/a><\/p>\n","protected":false},"excerpt":{"rendered":"<p>Le ministre d\u00e9l\u00e9gu\u00e9 charg\u00e9 de la Coop\u00e9ration africaine, Mohcine Jazouli, a soulign\u00e9, lundi, devant le Sommet europ\u00e9en des Affaires \u00ab\u00a0European Business Summit\u00a0\u00bb de Bruxelles, la pertinence de la vision africaine du Maroc pour conforter le nouveau paradigme r\u00e9gissant la relation Union europ\u00e9enne-Afrique, bas\u00e9e sur la logique de \u00ab\u00a0co-construction\u00a0\u00bb. Intervenant lors d\u2019un panel intitul\u00e9 \u00ab\u00a0vers une [&hellip;]<\/p>\n","protected":false},"author":1787,"featured_media":0,"comment_status":"closed","ping_status":"closed","sticky":false,"template":"","format":"standard","meta":{"fifu_image_url":"","fifu_image_alt":"","footnotes":""},"categories":[78,54],"tags":[],"class_list":["post-32614","post","type-post","status-publish","format-standard","hentry","category-economie","category-maroc"],"_links":{"self":[{"href":"https:\/\/linitiative.ca\/International\/wp-json\/wp\/v2\/posts\/32614","targetHints":{"allow":["GET"]}}],"collection":[{"href":"https:\/\/linitiative.ca\/International\/wp-json\/wp\/v2\/posts"}],"about":[{"href":"https:\/\/linitiative.ca\/International\/wp-json\/wp\/v2\/types\/post"}],"author":[{"embeddable":true,"href":"https:\/\/linitiative.ca\/International\/wp-json\/wp\/v2\/users\/1787"}],"replies":[{"embeddable":true,"href":"https:\/\/linitiative.ca\/International\/wp-json\/wp\/v2\/comments?post=32614"}],"version-history":[{"count":0,"href":"https:\/\/linitiative.ca\/International\/wp-json\/wp\/v2\/posts\/32614\/revisions"}],"wp:attachment":[{"href":"https:\/\/linitiative.ca\/International\/wp-json\/wp\/v2\/media?parent=32614"}],"wp:term":[{"taxonomy":"category","embeddable":true,"href":"https:\/\/linitiative.ca\/International\/wp-json\/wp\/v2\/categories?post=32614"},{"taxonomy":"post_tag","embeddable":true,"href":"https:\/\/linitiative.ca\/International\/wp-json\/wp\/v2\/tags?post=32614"}],"curies":[{"name":"wp","href":"https:\/\/api.w.org\/{rel}","templated":true}]}}