{"id":32616,"date":"2019-05-06T14:33:54","date_gmt":"2019-05-06T18:33:54","guid":{"rendered":"https:\/\/linitiative.ca\/International\/assises-de-la-fiscalite-les-cliniques-privees-portent-plainte-contre-zouhair-chorfi\/"},"modified":"2019-05-06T14:33:54","modified_gmt":"2019-05-06T18:33:54","slug":"assises-de-la-fiscalite-les-cliniques-privees-portent-plainte-contre-zouhair-chorfi","status":"publish","type":"post","link":"https:\/\/linitiative.ca\/International\/assises-de-la-fiscalite-les-cliniques-privees-portent-plainte-contre-zouhair-chorfi\/","title":{"rendered":"Assises de la fiscalit\u00e9 : les cliniques priv\u00e9es portent plainte contre Zouhair Chorfi"},"content":{"rendered":"<p>La r\u00e9action de l\u2019<strong>Association nationale des cliniques priv\u00e9es<\/strong> (ANCP) ne s\u2019est pas fait attendre, suite au coup de gueule du secr\u00e9taire g\u00e9n\u00e9ral du minist\u00e8re de l\u2019Economie et des Finances, Zouhair Chorfi, en marge des Assises de la fiscalit\u00e9 organis\u00e9es les 3 et 4 mai \u00e0 Skhirat. En effet, Redouane Semlali, pr\u00e9sident de l\u2019ANCP, contact\u00e9 par nos soins, affirme que l\u2019association a d\u00e9j\u00e0 port\u00e9 plainte contre Zouhair Chorfi pour diffamation.<\/p>\n<div class=\"c10\"\/>\n<p>\u00ab Ce qu\u2019a affirm\u00e9 Zouhair Chorfi est compl\u00e8tement erron\u00e9. Il parle du fait que nous sous-d\u00e9clarons nos revenus \u00e0 hauteur de 90% au fisc. C\u2019est tout \u00e0 fait dommage qu\u2019un \u00e9conomiste averti puisse croire qu\u2019un secteur soit capable de cacher 90% de son activit\u00e9, sans couler. En plus, l\u2019<strong>administration fiscale<\/strong> avec laquelle nous avons discut\u00e9 pendant six mois n\u2019a pu redresser que 1,5% de toute l\u2019activit\u00e9 des cliniques. Donc, le fisc a reconnu 1,5% d\u2019\u00e9cart \u00bb, confie Redouane Semlali.<\/p>\n<p>\u00ab Il accuse le <strong>syst\u00e8me de sant\u00e9 priv\u00e9 marocain<\/strong> de corruption. Il confond encaissement au noir et en cash, parce qu\u2019aujourd\u2019hui, le Marocain n\u2019est pas assez bancaris\u00e9, et donc quand il n\u2019a pas de ch\u00e8que, il paie en cash. Et ce cash est bien s\u00fbr d\u00e9clar\u00e9, sinon nous coulons. Cette confusion est une aberration \u00e9conomique. Il dit que nous ne prenons pas de ch\u00e8que alors que, de sources bancaires, 80% de nos encaissements et d\u00e9p\u00f4ts bancaires sont des ch\u00e8ques. S\u2019il y a quelqu\u2019un qui refuse les ch\u00e8ques, c\u2019est bien l\u2019administration, et non les cliniques priv\u00e9es. En plus, ce qui est plus grave, c\u2019est qu\u2019il d\u00e9clare publiquement que l\u2019administration est capable de fermer les yeux sur des fraudes fiscales de 20% \u00bb, poursuit-il.<\/p>\n<p>\u00ab Nous avons saisi la justice parce que nous estimons que c\u2019est de la <strong>diffamation<\/strong>. Donc, nous sommes d\u00e9j\u00e0 dans les proc\u00e9dures judiciaires. Nous avons aussi saisi les partis politiques marocains, parce que c\u2019est grave qu\u2019un homme d\u2019Etat de la dimension d\u2019un secr\u00e9taire g\u00e9n\u00e9ral d\u2019un minist\u00e8re affirme que l\u2019Etat peut renoncer \u00e0 20% de ses recettes. Et en plus de tout cela, nous pr\u00e9parons une <strong>Assembl\u00e9e g\u00e9n\u00e9rale<\/strong> qui aura lieu d\u2019ici la fin de la semaine ou le d\u00e9but de la semaine prochaine au plus tard, o\u00f9 nous d\u00e9cideront de la mesure syndicale \u00e0 prendre. Cela peut aller jusqu\u2019\u00e0 une <strong>gr\u00e8ve<\/strong> cons\u00e9quente \u00bb, assure Semlali.<\/p>\n<p>Pour rappel, Zouhair Chorfi \u00e9tait intervenu lors d\u2019un panel dans le cadre des Assises de la fiscalit\u00e9 o\u00f9 il a fustig\u00e9 certaines habitudes des professions lib\u00e9rales. \u00ab Il est venu le moment de nous dire les choses avec responsabilit\u00e9, d\u2019arr\u00eater de dire une chose et de faire son contraire, et surtout de commencer \u00e0 avoir un peu d\u2019humilit\u00e9 et une dose d\u2019autocritique. Certaines interventions que j\u2019ai entendues m\u2019ont choqu\u00e9. Tout est social. Je ne veux pas attaquer une profession, mais aujourd\u2019hui, les donn\u00e9es sont connues profession par profession. Nous ne sommes pas dans des <strong>minorations<\/strong> des valeurs de 10% ou de 20%. Personne n\u2019aime payer l\u2019imp\u00f4t. Que les gens minorent leur d\u00e9claration de revenus de 20%, ce n\u2019est pas grave, mais qu\u2019ils les minorent de 90%, l\u00e0, j\u2019ai un probl\u00e8me \u00bb, avait-il d\u00e9clar\u00e9.<\/p>\n<p>\u00ab Nous ne sommes pas l\u00e0 aujourd\u2019hui pour seulement dire qu\u2019il faut modifier des textes de loi. Non. Nous sommes l\u00e0 pour changer de posture, changer de comportement. C\u2019est notre <strong>attitude<\/strong>, au quotidien, collectivement qui doit changer. Quand je vais dans une clinique et qu\u2019on me dit qu\u2019on n\u2019accepte pas le ch\u00e8que, mais qu\u2019est-ce que cela veut dire ? Il faut que \u00e7a cesse ! La corruption, \u00e7a suffit ! Le noir, \u00e7a suffit ! Nous voulons construire notre pays ! Ce n\u2019est pas que des individus, c\u2019est aussi le r\u00f4le des associations, des ordres. La <strong>moralisation<\/strong> de la vie publique n\u2019est pas que l\u2019affaire de l\u2019Etat. A quoi sert un ordre ? A quoi sert une association si elle ne peut pas rappeler \u00e0 l\u2019ordre ses adh\u00e9rents en cas de manquement ? Chacun doit faire l\u2019effort n\u00e9cessaire de balayer devant sa porte \u00bb, avait-il conclu.<\/p>\n<div class=\"c17\">\n<fieldset class=\"c16\">\n<legend><strong><span class=\"c11\">Challenge<\/span><span class=\"c12\">news<\/span><\/strong><\/legend>\n<div class=\"c15\">Le meilleur de la r\u00e9daction s\u00e9lectionn\u00e9 par Challenge :<\/p>\n<\/div>\n<\/fieldset>\n<\/div>\n<p>Auteur: challenge<br \/>\n<a href=\"https:\/\/www.challenge.ma\/assises-de-la-fiscalite-les-cliniques-privees-portent-plainte-contre-zouhair-chorfi-108787\/\">Cliquez ici pour lire l&rsquo;article depuis sa source.<\/a><\/p>\n","protected":false},"excerpt":{"rendered":"<p>La r\u00e9action de l\u2019Association nationale des cliniques priv\u00e9es (ANCP) ne s\u2019est pas fait attendre, suite au coup de gueule du secr\u00e9taire g\u00e9n\u00e9ral du minist\u00e8re de l\u2019Economie et des Finances, Zouhair Chorfi, en marge des Assises de la fiscalit\u00e9 organis\u00e9es les 3 et 4 mai \u00e0 Skhirat. En effet, Redouane Semlali, pr\u00e9sident de l\u2019ANCP, contact\u00e9 par [&hellip;]<\/p>\n","protected":false},"author":1787,"featured_media":0,"comment_status":"closed","ping_status":"closed","sticky":false,"template":"","format":"standard","meta":{"fifu_image_url":"","fifu_image_alt":"","footnotes":""},"categories":[78,54],"tags":[],"class_list":["post-32616","post","type-post","status-publish","format-standard","hentry","category-economie","category-maroc"],"_links":{"self":[{"href":"https:\/\/linitiative.ca\/International\/wp-json\/wp\/v2\/posts\/32616","targetHints":{"allow":["GET"]}}],"collection":[{"href":"https:\/\/linitiative.ca\/International\/wp-json\/wp\/v2\/posts"}],"about":[{"href":"https:\/\/linitiative.ca\/International\/wp-json\/wp\/v2\/types\/post"}],"author":[{"embeddable":true,"href":"https:\/\/linitiative.ca\/International\/wp-json\/wp\/v2\/users\/1787"}],"replies":[{"embeddable":true,"href":"https:\/\/linitiative.ca\/International\/wp-json\/wp\/v2\/comments?post=32616"}],"version-history":[{"count":0,"href":"https:\/\/linitiative.ca\/International\/wp-json\/wp\/v2\/posts\/32616\/revisions"}],"wp:attachment":[{"href":"https:\/\/linitiative.ca\/International\/wp-json\/wp\/v2\/media?parent=32616"}],"wp:term":[{"taxonomy":"category","embeddable":true,"href":"https:\/\/linitiative.ca\/International\/wp-json\/wp\/v2\/categories?post=32616"},{"taxonomy":"post_tag","embeddable":true,"href":"https:\/\/linitiative.ca\/International\/wp-json\/wp\/v2\/tags?post=32616"}],"curies":[{"name":"wp","href":"https:\/\/api.w.org\/{rel}","templated":true}]}}