{"id":32628,"date":"2019-05-06T09:28:43","date_gmt":"2019-05-06T13:28:43","guid":{"rendered":"https:\/\/linitiative.ca\/International\/tunisie-lancien-ambassadeur-de-tunisie-en-pologne-et-en-argentine-selim-ben-jaafar-nest-plus\/"},"modified":"2019-05-06T09:28:43","modified_gmt":"2019-05-06T13:28:43","slug":"tunisie-lancien-ambassadeur-de-tunisie-en-pologne-et-en-argentine-selim-ben-jaafar-nest-plus","status":"publish","type":"post","link":"https:\/\/linitiative.ca\/International\/tunisie-lancien-ambassadeur-de-tunisie-en-pologne-et-en-argentine-selim-ben-jaafar-nest-plus\/","title":{"rendered":"Tunisie-L\u2019ancien ambassadeur de Tunisie en Pologne et en Argentine, Selim Ben Ja\u00e2far n\u2019est plus"},"content":{"rendered":"<div class=\"post-cont-in left relative\">\n<p>L\u2019ancien ambassadeur de Tunisie en Pologne et en Argentine, Selim Ben Ja\u00e2far a rendu son dernier souffle dans la nuit du 5 au 6 mai 2019, suite \u00e0 des probl\u00e8mes cardiaques.<\/p>\n<p>M.Ben Jaafer \u00e9tait \u00e9galement pr\u00e9sident et l\u2019un des membres fondateurs de l\u2019association des diplomates tunisiens.<\/p>\n<div class=\"code-block code-block-1 c3\"><ins class=\"adsbygoogle c2\" data-ad-layout=\"in-article\" data-ad-format=\"fluid\" data-ad-client=\"ca-pub-2102118777505746\" data-ad-slot=\"7301775417\"\/> <\/div>\n<p>Puisse Dieu le tout puissant l\u2019entourer de de son infinie mis\u00e9ricorde et l\u2019accueillir dans son immense paradis.<\/p>\n<div class=\"mvp-org-wrap mvp-org-logo\" itemprop=\"publisher\" itemscope=\"\" itemtype=\"https:\/\/schema.org\/Organization\"><img decoding=\"async\" src=\"https:\/\/www.tunisienumerique.com\/wp-content\/uploads\/2017\/02\/logo_tunisie_numerique.png\"\/><\/div>\n<div class=\"mvp-related-posts left relative\">\n<h4 class=\"post-header\"><span class=\"post-header\">Lire aussi<\/span><\/h4>\n<\/div>\n<\/div>\n<p>Auteur: Laameri Dorsaf<br \/>\n<a href=\"https:\/\/www.tunisienumerique.com\/tunisie-lancien-ambassadeur-de-tunisie-en-pologne-et-en-argentine-selim-ben-jaafar-nest-plus\/\">Cliquez ici pour lire l&rsquo;article depuis sa source.<\/a><\/p>\n","protected":false},"excerpt":{"rendered":"<p>L\u2019ancien ambassadeur de Tunisie en Pologne et en Argentine, Selim Ben Ja\u00e2far a rendu son dernier souffle dans la nuit du 5 au 6 mai 2019, suite \u00e0 des probl\u00e8mes cardiaques. M.Ben Jaafer \u00e9tait \u00e9galement pr\u00e9sident et l\u2019un des membres fondateurs de l\u2019association des diplomates tunisiens. Puisse Dieu le tout puissant l\u2019entourer de de son [&hellip;]<\/p>\n","protected":false},"author":1789,"featured_media":32629,"comment_status":"closed","ping_status":"closed","sticky":false,"template":"","format":"standard","meta":{"fifu_image_url":"","fifu_image_alt":"","footnotes":""},"categories":[73,55],"tags":[],"class_list":["post-32628","post","type-post","status-publish","format-standard","has-post-thumbnail","hentry","category-actualite","category-tunisie"],"_links":{"self":[{"href":"https:\/\/linitiative.ca\/International\/wp-json\/wp\/v2\/posts\/32628","targetHints":{"allow":["GET"]}}],"collection":[{"href":"https:\/\/linitiative.ca\/International\/wp-json\/wp\/v2\/posts"}],"about":[{"href":"https:\/\/linitiative.ca\/International\/wp-json\/wp\/v2\/types\/post"}],"author":[{"embeddable":true,"href":"https:\/\/linitiative.ca\/International\/wp-json\/wp\/v2\/users\/1789"}],"replies":[{"embeddable":true,"href":"https:\/\/linitiative.ca\/International\/wp-json\/wp\/v2\/comments?post=32628"}],"version-history":[{"count":0,"href":"https:\/\/linitiative.ca\/International\/wp-json\/wp\/v2\/posts\/32628\/revisions"}],"wp:featuredmedia":[{"embeddable":true,"href":"https:\/\/linitiative.ca\/International\/wp-json\/"}],"wp:attachment":[{"href":"https:\/\/linitiative.ca\/International\/wp-json\/wp\/v2\/media?parent=32628"}],"wp:term":[{"taxonomy":"category","embeddable":true,"href":"https:\/\/linitiative.ca\/International\/wp-json\/wp\/v2\/categories?post=32628"},{"taxonomy":"post_tag","embeddable":true,"href":"https:\/\/linitiative.ca\/International\/wp-json\/wp\/v2\/tags?post=32628"}],"curies":[{"name":"wp","href":"https:\/\/api.w.org\/{rel}","templated":true}]}}