{"id":32632,"date":"2019-05-06T12:00:43","date_gmt":"2019-05-06T16:00:43","guid":{"rendered":"https:\/\/linitiative.ca\/International\/tunisie-video-rene-trabelsi-felicite-les-tunisiens-a-loccasion-du-mois-de-ramadan\/"},"modified":"2019-05-06T12:00:43","modified_gmt":"2019-05-06T16:00:43","slug":"tunisie-video-rene-trabelsi-felicite-les-tunisiens-a-loccasion-du-mois-de-ramadan","status":"publish","type":"post","link":"https:\/\/linitiative.ca\/International\/tunisie-video-rene-trabelsi-felicite-les-tunisiens-a-loccasion-du-mois-de-ramadan\/","title":{"rendered":"Tunisie-[vid\u00e9o] Ren\u00e9 Trabelsi f\u00e9licite les tunisiens \u00e0 l\u2019occasion du mois de ramadan"},"content":{"rendered":"<div class=\"post-cont-in left relative\">\n<p>Le ministre du tourisme, Ren\u00e9 Trabelsi s\u2019est adress\u00e9 aux tunisiens ce lundi, 6 Mai 2019, pour leur souhaiter un mois saint plein de sant\u00e9 et de prosp\u00e9rit\u00e9.<\/p>\n<div class=\"mvp-org-wrap mvp-org-logo\" itemprop=\"publisher\" itemscope=\"\" itemtype=\"https:\/\/schema.org\/Organization\"><img decoding=\"async\" src=\"https:\/\/www.tunisienumerique.com\/wp-content\/uploads\/2017\/02\/logo_tunisie_numerique.png\"\/><\/div>\n<div class=\"mvp-related-posts left relative\">\n<h4 class=\"post-header\"><span class=\"post-header\">Lire aussi<\/span><\/h4>\n<\/div>\n<\/div>\n<p>Auteur: Laameri Dorsaf<br \/>\n<a href=\"https:\/\/www.tunisienumerique.com\/tunisie-video-rene-trabelsi-felicite-les-tunisiens-a-loccasion-du-mois-de-ramadan\/\">Cliquez ici pour lire l&rsquo;article depuis sa source.<\/a><\/p>\n","protected":false},"excerpt":{"rendered":"<p>Le ministre du tourisme, Ren\u00e9 Trabelsi s\u2019est adress\u00e9 aux tunisiens ce lundi, 6 Mai 2019, pour leur souhaiter un mois saint plein de sant\u00e9 et de prosp\u00e9rit\u00e9. Lire aussi Auteur: Laameri Dorsaf Cliquez ici pour lire l&rsquo;article depuis sa source.<\/p>\n","protected":false},"author":1789,"featured_media":32633,"comment_status":"closed","ping_status":"closed","sticky":false,"template":"","format":"standard","meta":{"fifu_image_url":"","fifu_image_alt":"","footnotes":""},"categories":[73,55],"tags":[],"class_list":["post-32632","post","type-post","status-publish","format-standard","has-post-thumbnail","hentry","category-actualite","category-tunisie"],"_links":{"self":[{"href":"https:\/\/linitiative.ca\/International\/wp-json\/wp\/v2\/posts\/32632","targetHints":{"allow":["GET"]}}],"collection":[{"href":"https:\/\/linitiative.ca\/International\/wp-json\/wp\/v2\/posts"}],"about":[{"href":"https:\/\/linitiative.ca\/International\/wp-json\/wp\/v2\/types\/post"}],"author":[{"embeddable":true,"href":"https:\/\/linitiative.ca\/International\/wp-json\/wp\/v2\/users\/1789"}],"replies":[{"embeddable":true,"href":"https:\/\/linitiative.ca\/International\/wp-json\/wp\/v2\/comments?post=32632"}],"version-history":[{"count":0,"href":"https:\/\/linitiative.ca\/International\/wp-json\/wp\/v2\/posts\/32632\/revisions"}],"wp:featuredmedia":[{"embeddable":true,"href":"https:\/\/linitiative.ca\/International\/wp-json\/"}],"wp:attachment":[{"href":"https:\/\/linitiative.ca\/International\/wp-json\/wp\/v2\/media?parent=32632"}],"wp:term":[{"taxonomy":"category","embeddable":true,"href":"https:\/\/linitiative.ca\/International\/wp-json\/wp\/v2\/categories?post=32632"},{"taxonomy":"post_tag","embeddable":true,"href":"https:\/\/linitiative.ca\/International\/wp-json\/wp\/v2\/tags?post=32632"}],"curies":[{"name":"wp","href":"https:\/\/api.w.org\/{rel}","templated":true}]}}