{"id":32634,"date":"2019-05-06T14:12:02","date_gmt":"2019-05-06T18:12:02","guid":{"rendered":"https:\/\/linitiative.ca\/International\/tunisie-videosphotos-inauguration-du-centre-medical-baia-un-centre-a-la-pointe-de-la-technologie\/"},"modified":"2019-05-06T14:12:02","modified_gmt":"2019-05-06T18:12:02","slug":"tunisie-videosphotos-inauguration-du-centre-medical-baia-un-centre-a-la-pointe-de-la-technologie","status":"publish","type":"post","link":"https:\/\/linitiative.ca\/International\/tunisie-videosphotos-inauguration-du-centre-medical-baia-un-centre-a-la-pointe-de-la-technologie\/","title":{"rendered":"Tunisie-[vid\u00e9os+photos] Inauguration du centre m\u00e9dical Ba\u00efa : Un centre \u00e0 la pointe de la technologie"},"content":{"rendered":"<div class=\"post-cont-in left relative\">\n<p>Le centre m\u00e9dical Ba\u00efa, d\u00e9di\u00e9 \u00e0 la m\u00e9decine sportive, esth\u00e9tique, anti-\u00e2ge, r\u00e9\u00e9ducation,\u00a0remise en forme, r\u00e9cup\u00e9ration et accompagnement du malade vient d\u2019ouvrir ses portes.<\/p>\n<p>C\u2019est dans une ambiance conviviale que la c\u00e9r\u00e9monie d\u2019inauguration a eu lieu ce vendredi, 3 mai 2019, au local du centre\u00a0aux Berges du Lac II.<\/p>\n<div class=\"code-block code-block-1 c4\"><ins class=\"adsbygoogle c3\" data-ad-layout=\"in-article\" data-ad-format=\"fluid\" data-ad-client=\"ca-pub-2102118777505746\" data-ad-slot=\"7301775417\"\/> <\/div>\n<p>Fond\u00e9 par Wirath Abdennadher et sp\u00e9cialis\u00e9 dans la m\u00e9decine sportive et anti-\u00e2ge, dans la m\u00e9decine esth\u00e9tique et r\u00e9-\u00e9ducative ainsi que dans la remise en forme,\u00a0Ba\u00efa Medical Center offre un service de haute qualit\u00e9, des comp\u00e9tences et des standards de haut niveau et des \u00e9quipements de haute technologies r\u00e9pondant aux besoins les plus sp\u00e9cifiques.<\/p>\n<p>Les nouvelles technologies consistent, en effet, \u00e0\u00a0faire appel \u00e0 des proc\u00e9d\u00e9s physiques plut\u00f4t que chimiques. On y trouve \u00e9galement des appareils de pointe utilisant des ondes \u00e9lectromagn\u00e9tiques et m\u00e9caniques capables de stimuler et d\u2019\u00e9quilibrer les cellules. Il\u00a0s\u2019agit de la m\u00e9decine de demain, \u00e9tant essentiellement ax\u00e9e sur le r\u00e9tablissement du patient via une approche photonique et quantique.<\/p>\n<p>Ba\u00efa pr\u00e9sente une autre perception de la m\u00e9decine tourn\u00e9e vers l\u2019utilisation de la lumi\u00e8re, des ondes de la radiofr\u00e9quence, des ondes sonores et de la cryoth\u00e9rapie.<\/p>\n<p>Aujourd\u2019hui, acc\u00e9l\u00e9rer une cicatrisation, traiter le rel\u00e2chement cutan\u00e9 et musculaire ou donner du tonus au corps est d\u00e9sormais possible gr\u00e2ce \u00e0 ce medical center qui vient d\u2019ouvrir ses portes.<\/p>\n<p>La fondatrice du centre Wirath Abenadher a d\u00e9clar\u00e9 \u00e0 Tunisienumerique que Ba\u00efa centre a beaucoup de nouvelles technologies \u00e0 offrir \u00e0 ses clients. Elle a dans ce sens appel\u00e9 tous les praticiens de la m\u00e9decine sportives, anti-\u00e2ge et esth\u00e9tique \u00e0 venir d\u00e9couvrir l\u2019espace et profiter de ces nouvelles technologies.<\/p>\n<p>Dr. Souhail Chemli a, de sa part, affirm\u00e9 que le centre travaille sur trois axes \u00e0 l\u2019aide d\u2019une panoplie de machines afin de mettre en \u0153uvre une nouvelle philosophie.<\/p>\n<p>\u00ab\u00a0Nous avons \u00e9tudier ici trois axes, le premier est l\u2019esth\u00e9tique et l\u2019amincissement. Le deuxi\u00e8me axe concerne la m\u00e9decine du sport associ\u00e9e \u00e0 la r\u00e9\u00e9ducation et le dernier axe concerne les cures de bien-\u00eatre\u00a0\u00bb a d\u00e9clar\u00e9 Dr. Chemli.<\/p>\n<div class=\"code-block code-block-2 c4\"><ins class=\"adsbygoogle c3\" data-ad-layout=\"in-article\" data-ad-format=\"fluid\" data-ad-client=\"ca-pub-2102118777505746\" data-ad-slot=\"7301775417\"\/> <\/div>\n<section class=\"post-gallery-wrap left relative\">\n<\/section>\n<div class=\"mvp-org-wrap mvp-org-logo\" itemprop=\"publisher\" itemscope=\"\" itemtype=\"https:\/\/schema.org\/Organization\"><img decoding=\"async\" src=\"https:\/\/www.tunisienumerique.com\/wp-content\/uploads\/2017\/02\/logo_tunisie_numerique.png\"\/><\/div>\n<div class=\"post-tags\"><span class=\"post-tags-header\">Sujets Connexes:<\/span><\/div>\n<\/div>\n<p>Auteur: Laameri Dorsaf<br \/>\n<a href=\"https:\/\/www.tunisienumerique.com\/tunisie-videosphotos-inauguration-du-centre-medical-baia-un-centre-a-la-pointe-de-la-technologie\/\">Cliquez ici pour lire l&rsquo;article depuis sa source.<\/a><\/p>\n","protected":false},"excerpt":{"rendered":"<p>Le centre m\u00e9dical Ba\u00efa, d\u00e9di\u00e9 \u00e0 la m\u00e9decine sportive, esth\u00e9tique, anti-\u00e2ge, r\u00e9\u00e9ducation,\u00a0remise en forme, r\u00e9cup\u00e9ration et accompagnement du malade vient d\u2019ouvrir ses portes. C\u2019est dans une ambiance conviviale que la c\u00e9r\u00e9monie d\u2019inauguration a eu lieu ce vendredi, 3 mai 2019, au local du centre\u00a0aux Berges du Lac II. Fond\u00e9 par Wirath Abdennadher et sp\u00e9cialis\u00e9 dans [&hellip;]<\/p>\n","protected":false},"author":1789,"featured_media":32635,"comment_status":"closed","ping_status":"closed","sticky":false,"template":"","format":"standard","meta":{"fifu_image_url":"","fifu_image_alt":"","footnotes":""},"categories":[73,55],"tags":[],"class_list":["post-32634","post","type-post","status-publish","format-standard","has-post-thumbnail","hentry","category-actualite","category-tunisie"],"_links":{"self":[{"href":"https:\/\/linitiative.ca\/International\/wp-json\/wp\/v2\/posts\/32634","targetHints":{"allow":["GET"]}}],"collection":[{"href":"https:\/\/linitiative.ca\/International\/wp-json\/wp\/v2\/posts"}],"about":[{"href":"https:\/\/linitiative.ca\/International\/wp-json\/wp\/v2\/types\/post"}],"author":[{"embeddable":true,"href":"https:\/\/linitiative.ca\/International\/wp-json\/wp\/v2\/users\/1789"}],"replies":[{"embeddable":true,"href":"https:\/\/linitiative.ca\/International\/wp-json\/wp\/v2\/comments?post=32634"}],"version-history":[{"count":0,"href":"https:\/\/linitiative.ca\/International\/wp-json\/wp\/v2\/posts\/32634\/revisions"}],"wp:featuredmedia":[{"embeddable":true,"href":"https:\/\/linitiative.ca\/International\/wp-json\/"}],"wp:attachment":[{"href":"https:\/\/linitiative.ca\/International\/wp-json\/wp\/v2\/media?parent=32634"}],"wp:term":[{"taxonomy":"category","embeddable":true,"href":"https:\/\/linitiative.ca\/International\/wp-json\/wp\/v2\/categories?post=32634"},{"taxonomy":"post_tag","embeddable":true,"href":"https:\/\/linitiative.ca\/International\/wp-json\/wp\/v2\/tags?post=32634"}],"curies":[{"name":"wp","href":"https:\/\/api.w.org\/{rel}","templated":true}]}}