{"id":32639,"date":"2019-05-05T17:51:01","date_gmt":"2019-05-05T21:51:01","guid":{"rendered":"https:\/\/linitiative.ca\/International\/canton-de-konkistenga-naaba-saaga-honore-ses-ancetres\/"},"modified":"2019-05-05T17:51:01","modified_gmt":"2019-05-05T21:51:01","slug":"canton-de-konkistenga-naaba-saaga-honore-ses-ancetres","status":"publish","type":"post","link":"https:\/\/linitiative.ca\/International\/canton-de-konkistenga-naaba-saaga-honore-ses-ancetres\/","title":{"rendered":"Canton de Konkistenga Naaba Saaga honore ses anc\u00eatres"},"content":{"rendered":"<div class=\"td-post-featured-image\"><a href=\"https:\/\/i1.wp.com\/www.sidwaya.info\/wp-content\/uploads\/2019\/05\/kokistenga.jpg?fit=787%2C590&#038;ssl=1\" data-caption=\"\"><img loading=\"lazy\" decoding=\"async\" width=\"696\" height=\"522\" class=\"entry-thumb td-modal-image\" src=\"https:\/\/i1.wp.com\/www.sidwaya.info\/wp-content\/uploads\/2019\/05\/kokistenga.jpg?resize=696%2C522&#038;ssl=1\" srcset=\"https:\/\/i1.wp.com\/www.sidwaya.info\/wp-content\/uploads\/2019\/05\/kokistenga.jpg?w=787&#038;ssl=1 787w, https:\/\/i1.wp.com\/www.sidwaya.info\/wp-content\/uploads\/2019\/05\/kokistenga.jpg?resize=300%2C225&#038;ssl=1 300w, https:\/\/i1.wp.com\/www.sidwaya.info\/wp-content\/uploads\/2019\/05\/kokistenga.jpg?resize=768%2C576&#038;ssl=1 768w, https:\/\/i1.wp.com\/www.sidwaya.info\/wp-content\/uploads\/2019\/05\/kokistenga.jpg?resize=80%2C60&#038;ssl=1 80w, https:\/\/i1.wp.com\/www.sidwaya.info\/wp-content\/uploads\/2019\/05\/kokistenga.jpg?resize=265%2C198&#038;ssl=1 265w, https:\/\/i1.wp.com\/www.sidwaya.info\/wp-content\/uploads\/2019\/05\/kokistenga.jpg?resize=696%2C522&#038;ssl=1 696w, https:\/\/i1.wp.com\/www.sidwaya.info\/wp-content\/uploads\/2019\/05\/kokistenga.jpg?resize=560%2C420&#038;ssl=1 560w\" sizes=\"auto, (max-width: 696px) 100vw, 696px\" alt=\"\" title=\"kokistenga\"\/><\/a><\/div>\n<div class=\"td-a-rec td-a-rec-id-content_top td_uid_30_5cd0aaa9610f4_rand td_block_template_1\"><img loading=\"lazy\" decoding=\"async\" class=\"aligncenter size-full wp-image-4463\" src=\"https:\/\/www.sidwaya.info\/wp-content\/uploads\/2019\/02\/FESPACO-TOUR-2019-Bannie%CC%80re-728x90-1.jpg\" alt=\"\" width=\"728\" height=\"90\"\/><\/div>\n<p><strong>La f\u00eate coutumi\u00e8re, le Nabasga, du chef de canton de Konkistenga, Naaba Saaga, a eu lieu, du vendredi 26 avril au dimanche 28 avril 2019, dans ladite localit\u00e9.<\/strong><\/p>\n<p>Fond\u00e9 dans les ann\u00e9es 1100, le Canton de Konkistenga dans la province du Boulkiemd\u00e9 couvre les communes de Imasgo, Soaw et Pella. Il fait fronti\u00e8re avec le canton de Lall\u00e9 au sud et \u00e0 l\u2019Est ; le canton de Nanoro au Nord et la commune de R\u00e9o \u00e0 l\u2019Ouest. Le canton de Konkistenga a \u00e9t\u00e9 fond\u00e9 par un fils du Mogho Naaba Koudoumi\u00e9 appel\u00e9 Konkis, d\u2019o\u00f9 le nom de son canton Konkistenga. L\u2019actuel chef de canton de Konkistenga est le 20e \u00e0 r\u00e9gner sur le canton. Il a \u00e9t\u00e9 intronis\u00e9 le 17 septembre 1983, soit 36 ans de r\u00e8gne. Il a, sous sa coupe, 27 chefs de village qu\u2019il intronise au nom de sa Majest\u00e9 le Mogho Naaba Baongho. Dans le but de perp\u00e9tuer la tradition, le Naaba Saaga organise chaque ann\u00e9e, depuis son intronisation, sa f\u00eate coutumi\u00e8re appel\u00e9e le Nabasga ou le kinkirga. Cette c\u00e9l\u00e9bration marque le d\u00e9but de la nouvelle ann\u00e9e avec \u00e0 la cl\u00e9 une c\u00e9r\u00e9monie d\u2019offrandes aux m\u00e2nes des anc\u00eatres. La tradition a \u00e9t\u00e9 \u00e0 respect\u00e9e, du 26 au 28 avril 2019, dans le canton de Konkistenga. Les rites permettant au chef de canton de communier avec les anc\u00eatres se sont d\u00e9roul\u00e9s dans la nuit du vendredi 26 avril. Les deux journ\u00e9es suivantes ont \u00e9t\u00e9 consacr\u00e9es aux salutations des diff\u00e9rentes d\u00e9l\u00e9gations et aux r\u00e9jouissances populaires avec plusieurs troupes venues de divers villages du canton.<\/p>\n<p>La gestion du Naaba Saaga salu\u00e9e<\/p>\n<p>Cette ann\u00e9e, la f\u00eate du chef de canton a \u00e9t\u00e9 marqu\u00e9e, pour la premi\u00e8re fois, par la pr\u00e9sence d\u2019une d\u00e9l\u00e9gation de sa Majest\u00e9 le Mogho Naaba Baongho conduite par le Rassamb-Naaba du Baloum Naaba. Le samedi 27 avril, plusieurs dizaines de d\u00e9l\u00e9gations venues d\u2019horizons divers ont \u00e9galement fait le d\u00e9placement pour \u201csaluer\u201d ou faire all\u00e9geance \u00e0 sa Majest\u00e9 le Naaba Saaga de Konkistenga.<br \/>Selon le Naaba Saaga, les invit\u00e9s sont constitu\u00e9s essentiellement de ses \u201cadministr\u00e9s\u201d, des populations de Koudougou, Lall\u00e9, Nanoro, R\u00e9o et des localit\u00e9s environnantes. Les ressortissants du canton (Soaw, Pella et Imasgo) vivant ailleurs ont \u00e9galement jou\u00e9 leur partition en faisant un retour massif \u00e0 la source \u00e0 l\u2019occasion de cette f\u00eate annuelle du chef du canton. A l\u2019occasion, et en guise de salutations, les invit\u00e9s ont offert des poulets, des moutons, des sommes d\u2019argent, etc. Pour le 20e chef du canton de Konkistenga, la particularit\u00e9 de son Nabasga r\u00e9side dans le geste de sa majest\u00e9 le Mogho Naaba Baongho, \u00e0 travers l\u2019envoi d\u2019une d\u00e9l\u00e9gation. A son avis, cette action est, sans conteste, le signe du soutien de \u201cl\u2019empereur des moss\u00e9\u201d. \u201cCela signifie, en termes clairs, qu\u2019il nous reconna\u00eet comme le seul et l\u2019unique chef de canton de Konkistenga\u201d, a-t-il expliqu\u00e9. A l\u2019occasion de sa f\u00eate coutumi\u00e8re, le Naaba Saaga de Konkistenga a demand\u00e9 aux anc\u00eatres d\u2019aider le Burkina Faso et les pays de la sous-r\u00e9gion \u00e0 combattre le terrorisme. \u2018\u2019Nous avons \u00e9galement interc\u00e9d\u00e9 pour la paix et la stabilit\u00e9 dans notre ch\u00e8re patrie, et une excellente saison hivernale\u201d, a-t-il ajout\u00e9. Quant \u00e0 l\u2019envoy\u00e9 sp\u00e9cial de sa Majest\u00e9 l\u2019empereur des moss\u00e9, le Rassamb Naaba du Baloum Naaba, il a dit \u00eatre porteur d\u2019un message d\u2019encouragement et de f\u00e9licitations, mais aussi de soutien de sa Majest\u00e9 le Moogho Naaba au chef de canton de Konkistenga pour la tenue de sa f\u00eate coutumi\u00e8re. \u201cC\u2019est une satisfaction de voir que le canton est bien gouvern\u00e9 par sa Majest\u00e9 le Naaba Saaga de Konkistenga, depuis 36 ans. Nous avons constat\u00e9 l\u2019unanimit\u00e9 faite autour de sa personne. Nous ferons un compte rendu fid\u00e8le \u00e0 sa majest\u00e9 le Mogho Naaba\u201d, a conclu le Rassamb-Naaba, le chef de d\u00e9l\u00e9gation.<\/p>\n<p>Fran\u00e7ois KABORE<\/p>\n<div class=\"td-a-rec td-a-rec-id-content_bottom td_uid_31_5cd0aaa961366_rand td_block_template_1\"><img loading=\"lazy\" decoding=\"async\" class=\"alignright size-full wp-image-1724\" src=\"https:\/\/www.sidwaya.info\/wp-content\/uploads\/2018\/12\/sidwaya-pub.jpg\" alt=\"\" width=\"720\" height=\"90\"\/><\/div>\n<p>Auteur: BM. Sidwaya<br \/>\n<a href=\"https:\/\/www.sidwaya.info\/blog\/2019\/05\/05\/canton-de-konkistenga-naaba-saaga-honore-ses-ancetres-2\/\">Cliquez ici pour lire l&rsquo;article depuis sa source.<\/a><\/p>\n","protected":false},"excerpt":{"rendered":"<p>La f\u00eate coutumi\u00e8re, le Nabasga, du chef de canton de Konkistenga, Naaba Saaga, a eu lieu, du vendredi 26 avril au dimanche 28 avril 2019, dans ladite localit\u00e9. Fond\u00e9 dans les ann\u00e9es 1100, le Canton de Konkistenga dans la province du Boulkiemd\u00e9 couvre les communes de Imasgo, Soaw et Pella. Il fait fronti\u00e8re avec le [&hellip;]<\/p>\n","protected":false},"author":1816,"featured_media":0,"comment_status":"closed","ping_status":"closed","sticky":false,"template":"","format":"standard","meta":{"fifu_image_url":"","fifu_image_alt":"","footnotes":""},"categories":[73,81],"tags":[],"class_list":["post-32639","post","type-post","status-publish","format-standard","hentry","category-actualite","category-burkina-faso"],"_links":{"self":[{"href":"https:\/\/linitiative.ca\/International\/wp-json\/wp\/v2\/posts\/32639","targetHints":{"allow":["GET"]}}],"collection":[{"href":"https:\/\/linitiative.ca\/International\/wp-json\/wp\/v2\/posts"}],"about":[{"href":"https:\/\/linitiative.ca\/International\/wp-json\/wp\/v2\/types\/post"}],"author":[{"embeddable":true,"href":"https:\/\/linitiative.ca\/International\/wp-json\/wp\/v2\/users\/1816"}],"replies":[{"embeddable":true,"href":"https:\/\/linitiative.ca\/International\/wp-json\/wp\/v2\/comments?post=32639"}],"version-history":[{"count":0,"href":"https:\/\/linitiative.ca\/International\/wp-json\/wp\/v2\/posts\/32639\/revisions"}],"wp:attachment":[{"href":"https:\/\/linitiative.ca\/International\/wp-json\/wp\/v2\/media?parent=32639"}],"wp:term":[{"taxonomy":"category","embeddable":true,"href":"https:\/\/linitiative.ca\/International\/wp-json\/wp\/v2\/categories?post=32639"},{"taxonomy":"post_tag","embeddable":true,"href":"https:\/\/linitiative.ca\/International\/wp-json\/wp\/v2\/tags?post=32639"}],"curies":[{"name":"wp","href":"https:\/\/api.w.org\/{rel}","templated":true}]}}