{"id":32640,"date":"2019-05-05T17:56:17","date_gmt":"2019-05-05T21:56:17","guid":{"rendered":"https:\/\/linitiative.ca\/International\/education-nationale-21-jours-pour-valoriser-les-enseignants\/"},"modified":"2019-05-05T17:56:17","modified_gmt":"2019-05-05T21:56:17","slug":"education-nationale-21-jours-pour-valoriser-les-enseignants","status":"publish","type":"post","link":"https:\/\/linitiative.ca\/International\/education-nationale-21-jours-pour-valoriser-les-enseignants\/","title":{"rendered":"Education nationale 21 jours pour \u00abvaloriser\u00bb les enseignants"},"content":{"rendered":"<div class=\"td-post-featured-image\"><a href=\"https:\/\/i0.wp.com\/www.sidwaya.info\/wp-content\/uploads\/2019\/05\/enseignants06.jpg?fit=974%2C650&#038;ssl=1\" data-caption=\"\"><img loading=\"lazy\" decoding=\"async\" width=\"696\" height=\"464\" class=\"entry-thumb td-modal-image\" src=\"https:\/\/i0.wp.com\/www.sidwaya.info\/wp-content\/uploads\/2019\/05\/enseignants06.jpg?resize=696%2C464&#038;ssl=1\" srcset=\"https:\/\/i0.wp.com\/www.sidwaya.info\/wp-content\/uploads\/2019\/05\/enseignants06.jpg?w=974&#038;ssl=1 974w, https:\/\/i0.wp.com\/www.sidwaya.info\/wp-content\/uploads\/2019\/05\/enseignants06.jpg?resize=300%2C200&#038;ssl=1 300w, https:\/\/i0.wp.com\/www.sidwaya.info\/wp-content\/uploads\/2019\/05\/enseignants06.jpg?resize=768%2C513&#038;ssl=1 768w, https:\/\/i0.wp.com\/www.sidwaya.info\/wp-content\/uploads\/2019\/05\/enseignants06.jpg?resize=696%2C464&#038;ssl=1 696w, https:\/\/i0.wp.com\/www.sidwaya.info\/wp-content\/uploads\/2019\/05\/enseignants06.jpg?resize=629%2C420&#038;ssl=1 629w\" sizes=\"auto, (max-width: 696px) 100vw, 696px\" alt=\"\" title=\"enseignants06\"\/><\/a><\/div>\n<div class=\"td-a-rec td-a-rec-id-content_top td_uid_30_5cd0aaac6c3bd_rand td_block_template_1\"><img loading=\"lazy\" decoding=\"async\" class=\"aligncenter size-full wp-image-4463\" src=\"https:\/\/www.sidwaya.info\/wp-content\/uploads\/2019\/02\/FESPACO-TOUR-2019-Bannie%CC%80re-728x90-1.jpg\" alt=\"\" width=\"728\" height=\"90\"\/><\/div>\n<p><strong>Le gouvernement burkinab\u00e8 et la Coordination nationale des syndicats de l\u2019\u00e9ducation (CNSE) ont sign\u00e9, le vendredi 3 mai 2019 \u00e0 Ouagadougou, un accord pour l\u2019\u00e9laboration du statut valorisant de l\u2019enseignant.<\/strong><\/p>\n<p>La crise cons\u00e9cutive \u00e0 la mise en \u0153uvre du protocole d\u2019accord entre le gouvernement et la Coordination nationale des syndicats de l\u2019\u00e9ducation (CNSE) est en voie de r\u00e9solution. Les deux parties ont convenu, le vendredi 3 mai 2019 \u00e0 Ouagadougou, \u00e0 travers la signature d\u2019un accord, de revenir sur la table de discussions. \u00abAu-del\u00e0 des divergences, nous avons pens\u00e9 qu\u2019il \u00e9tait bon d\u2019\u00e9voluer sur la question du statut valorisant le personnel du syst\u00e8me \u00e9ducatif afin de travailler \u00e0 sa mise en \u0153uvre \u00e0 partir de 2020.<br \/>C\u2019est ainsi que le gouvernement et les syndicats, se sont accord\u00e9s \u00e0 signer un proc\u00e8s-verbal du statut valorisant de l\u2019enseignant dans lequel, on consignera les points d\u2019accords et les non-accords\u00bb, a d\u00e9clar\u00e9 \u00e0 la presse, le ministre en charge de l\u2019\u00e9ducation nationale, Pr Stanislas Ouaro, apr\u00e8s la signature du proc\u00e8s-verbal d\u2019accord pour la r\u00e9daction dudit statut. Il a salu\u00e9 la hauteur d\u2019esprit qui a pr\u00e9valu entre les deux parties. De ce fait, il a annonc\u00e9 que la r\u00e9daction du document d\u00e9butera d\u00e8s ce lundi 6 mai 2019 \u00e0 Koudougou. Tout en se r\u00e9jouissant de l\u2019accord trouv\u00e9 entre les deux parties, Stanislas Ouaro a laiss\u00e9 entendre que les r\u00e9dacteurs disposent maintenant de 21 jours pour \u00e9laborer ledit statut afin que le d\u00e9cret puisse \u00eatre introduit en Conseil des ministres pour signature en fin mai. Et le ministre de reconna\u00eetre qu\u2019\u00abaucune nation ne peut se d\u00e9velopper sans un syst\u00e8me \u00e9ducatif de qualit\u00e9\u00bb. Le coordinateur de la CNSE, Bonaventure B\u00e9lem, a affirm\u00e9 que la pr\u00e9sente signature constitue une victoire d\u2019\u00e9tape. Il a d\u00e9clar\u00e9 qu\u2019on ne peut pas valoriser le syst\u00e8me \u00e9ducatif sans les personnes qui l\u2019animent. M. B\u00e9lem a remerci\u00e9 le gouvernement pour son initiative. Le mot d\u2019ordre de gr\u00e8ve sera-t-il lev\u00e9 ou pas ? Bonaventure Bel\u00e9m a r\u00e9pondu : \u00abNous communiquerons par nos canaux habituels\u00bb.<\/p>\n<p>Achille ZIGANI<br \/>(Collaborateur)<\/p>\n<div class=\"td-a-rec td-a-rec-id-content_bottom td_uid_31_5cd0aaac6c636_rand td_block_template_1\"><img loading=\"lazy\" decoding=\"async\" class=\"alignright size-full wp-image-1724\" src=\"https:\/\/www.sidwaya.info\/wp-content\/uploads\/2018\/12\/sidwaya-pub.jpg\" alt=\"\" width=\"720\" height=\"90\"\/><\/div>\n<p>Auteur: BM. Sidwaya<br \/>\n<a href=\"https:\/\/www.sidwaya.info\/blog\/2019\/05\/05\/education-nationale-21-jours-pour-valoriser-les-enseignants\/\">Cliquez ici pour lire l&rsquo;article depuis sa source.<\/a><\/p>\n","protected":false},"excerpt":{"rendered":"<p>Le gouvernement burkinab\u00e8 et la Coordination nationale des syndicats de l\u2019\u00e9ducation (CNSE) ont sign\u00e9, le vendredi 3 mai 2019 \u00e0 Ouagadougou, un accord pour l\u2019\u00e9laboration du statut valorisant de l\u2019enseignant. La crise cons\u00e9cutive \u00e0 la mise en \u0153uvre du protocole d\u2019accord entre le gouvernement et la Coordination nationale des syndicats de l\u2019\u00e9ducation (CNSE) est en [&hellip;]<\/p>\n","protected":false},"author":1816,"featured_media":0,"comment_status":"closed","ping_status":"closed","sticky":false,"template":"","format":"standard","meta":{"fifu_image_url":"","fifu_image_alt":"","footnotes":""},"categories":[73,81],"tags":[],"class_list":["post-32640","post","type-post","status-publish","format-standard","hentry","category-actualite","category-burkina-faso"],"_links":{"self":[{"href":"https:\/\/linitiative.ca\/International\/wp-json\/wp\/v2\/posts\/32640","targetHints":{"allow":["GET"]}}],"collection":[{"href":"https:\/\/linitiative.ca\/International\/wp-json\/wp\/v2\/posts"}],"about":[{"href":"https:\/\/linitiative.ca\/International\/wp-json\/wp\/v2\/types\/post"}],"author":[{"embeddable":true,"href":"https:\/\/linitiative.ca\/International\/wp-json\/wp\/v2\/users\/1816"}],"replies":[{"embeddable":true,"href":"https:\/\/linitiative.ca\/International\/wp-json\/wp\/v2\/comments?post=32640"}],"version-history":[{"count":0,"href":"https:\/\/linitiative.ca\/International\/wp-json\/wp\/v2\/posts\/32640\/revisions"}],"wp:attachment":[{"href":"https:\/\/linitiative.ca\/International\/wp-json\/wp\/v2\/media?parent=32640"}],"wp:term":[{"taxonomy":"category","embeddable":true,"href":"https:\/\/linitiative.ca\/International\/wp-json\/wp\/v2\/categories?post=32640"},{"taxonomy":"post_tag","embeddable":true,"href":"https:\/\/linitiative.ca\/International\/wp-json\/wp\/v2\/tags?post=32640"}],"curies":[{"name":"wp","href":"https:\/\/api.w.org\/{rel}","templated":true}]}}