{"id":32641,"date":"2019-05-05T18:00:08","date_gmt":"2019-05-05T22:00:08","guid":{"rendered":"https:\/\/linitiative.ca\/International\/les-medias-face-aux-defis-securitaire-et-communautaire\/"},"modified":"2019-05-05T18:00:08","modified_gmt":"2019-05-05T22:00:08","slug":"les-medias-face-aux-defis-securitaire-et-communautaire","status":"publish","type":"post","link":"https:\/\/linitiative.ca\/International\/les-medias-face-aux-defis-securitaire-et-communautaire\/","title":{"rendered":"Les m\u00e9dias face aux d\u00e9fis s\u00e9curitaire et communautaire"},"content":{"rendered":"<div class=\"td-post-featured-image\"><a href=\"https:\/\/i0.wp.com\/www.sidwaya.info\/wp-content\/uploads\/2019\/05\/remidandji.jpg?fit=974%2C650&#038;ssl=1\" data-caption=\"\"><img loading=\"lazy\" decoding=\"async\" width=\"696\" height=\"464\" class=\"entry-thumb td-modal-image\" src=\"https:\/\/i0.wp.com\/www.sidwaya.info\/wp-content\/uploads\/2019\/05\/remidandji.jpg?resize=696%2C464&#038;ssl=1\" srcset=\"https:\/\/i0.wp.com\/www.sidwaya.info\/wp-content\/uploads\/2019\/05\/remidandji.jpg?w=974&#038;ssl=1 974w, https:\/\/i0.wp.com\/www.sidwaya.info\/wp-content\/uploads\/2019\/05\/remidandji.jpg?resize=300%2C200&#038;ssl=1 300w, https:\/\/i0.wp.com\/www.sidwaya.info\/wp-content\/uploads\/2019\/05\/remidandji.jpg?resize=768%2C513&#038;ssl=1 768w, https:\/\/i0.wp.com\/www.sidwaya.info\/wp-content\/uploads\/2019\/05\/remidandji.jpg?resize=696%2C464&#038;ssl=1 696w, https:\/\/i0.wp.com\/www.sidwaya.info\/wp-content\/uploads\/2019\/05\/remidandji.jpg?resize=629%2C420&#038;ssl=1 629w\" sizes=\"auto, (max-width: 696px) 100vw, 696px\" alt=\"\" title=\"remidandji\"\/><\/a><\/div>\n<div class=\"td-a-rec td-a-rec-id-content_top td_uid_30_5cd0aab00e6f4_rand td_block_template_1\"><img loading=\"lazy\" decoding=\"async\" class=\"aligncenter size-full wp-image-4463\" src=\"https:\/\/www.sidwaya.info\/wp-content\/uploads\/2019\/02\/FESPACO-TOUR-2019-Bannie%CC%80re-728x90-1.jpg\" alt=\"\" width=\"728\" height=\"90\"\/><\/div>\n<p><strong>La journ\u00e9e du 3 mai, consacr\u00e9e \u00e0 la libert\u00e9 de la presse, a \u00e9t\u00e9 comm\u00e9mor\u00e9e, le vendredi 2019, \u00e0 Ouagadougou par les professionnels des m\u00e9dias. Ces derniers ont pass\u00e9 en revue les entraves \u00e0 la libre expression et \u00e0 l\u2019exercice de l\u2019activit\u00e9 journalistique au Burkina Faso.<\/strong><\/p>\n<p>Aux niveaux mondial et continental, le Burkina Faso, selon le classement de Reporters sans fronti\u00e8re (RSF), a fait des progr\u00e8s en mati\u00e8re de d\u00e9mocratie et de libert\u00e9 de la presse. En effet, \u00e0 l\u2019occasion de la c\u00e9l\u00e9bration de la Journ\u00e9e mondiale de la libert\u00e9 de la presse, le vendredi 3 mai 2019, le rapport de RSF place le pays des Hommes int\u00e8gres au 36e rang mondial et 5e en Afrique. Comparativement \u00e0 l\u2019ann\u00e9e 2016 o\u00f9 le pays \u00e9tait 42e, les acteurs affirment que des efforts ont \u00e9t\u00e9 faits pour assainir le milieu des m\u00e9dias. Pour le ministre de la Communication et des Relations avec le Parlement, Remis Fulgance Dandjinou, le monde de la presse au Burkina Faso a de beaux jours devant lui. L\u2019engagement du Centre national de presse Norbert- Zongo (CNP\/NZ) \u00e0 produire chaque ann\u00e9e des rapports d\u2019enqu\u00eate sur la situation des m\u00e9dias au pays constitue selon lui, un moyen efficace de veille. Evoquant le classement actuel du pays en mati\u00e8re de libert\u00e9 d\u2019expression et de la presse, le ministre Dandjinou a indiqu\u00e9 que des efforts sont faits \u00e0 tous les niveaux, afin de parvenir \u00e0 un rang satisfaisant. Pour lui, les m\u00e9dias burkinab\u00e8 se doivent de s\u2019en f\u00e9liciter, car, il y va de la qualit\u00e9 des contenus des m\u00e9dias. Dans la m\u00eame dynamique, le pr\u00e9sident du comit\u00e9 de pilotage du CNP\/NZ, Boureima Ou\u00e9draogo, a pr\u00e9cis\u00e9 que malgr\u00e9 un contexte s\u00e9curitaire difficile marqu\u00e9 par le terrorisme et des conflits fratricides, la presse nationale a r\u00e9alis\u00e9 des progr\u00e8s. Mais, il a pr\u00e9venu que des d\u00e9fis demeurent en mati\u00e8re de sensibilisation \u00e0 la responsabilit\u00e9 sociale du journaliste, de l\u2019exercice de la libert\u00e9 de presse dans un contexte de terrorisme, ainsi que sur le traitement de l\u2019information en p\u00e9riode de conflits intercommunautaires. D\u2019o\u00f9 le th\u00e8me national de la c\u00e9l\u00e9bration : \u00abM\u00e9dias et \u00e9lections dans un contexte de crise s\u00e9curitaire et communautaire au Burkina Faso\u00bb. Une sorte d\u2019interpellation en vue des \u00e9ch\u00e9ances \u00e9lectorales de 2020. Au lancement des travaux de la journ\u00e9e, le CNP\/NZ a rendu public le rapport sur l\u2019\u00e9tat de la libert\u00e9 de la presse 2018 au Burkina Faso et a fait des recommandations relatives \u00e0 la formation des journalistes, l\u2019\u00e9quipement des m\u00e9dias, la correction des insuffisances de certaines dispositions dans les lois sur la presse, le respect de la convention collective, etc. A propos, le pr\u00e9sident du Conseil sup\u00e9rieur de la communication (CSC), Mathias Tankoano, a reconnu que l\u2019objectif de la journ\u00e9e est d\u2019analyser les forces et les faiblesses, de sorte \u00e0 pr\u00e9server les acquis et \u00e0 relever les d\u00e9fis en vue de d\u00e9fendre et de promouvoir les entreprises de presse. Le directeur g\u00e9n\u00e9ral des Editions Sidwaya, Mahamadi Ti\u00e9gna, lui, a dit reconna\u00eetre le professionnalisme des m\u00e9dias burkinab\u00e8. Et il ne s\u2019est pas \u00e9tonn\u00e9 du bond en avant qu\u2019a fait le pays en mati\u00e8re de d\u00e9mocratie et de libert\u00e9 de la presse. Par ailleurs, le prix africain Norbert-Zongo du journalisme d\u2019investigation et celui<br \/>de la meilleure femme journaliste burkinab\u00e8 ont \u00e9t\u00e9 lanc\u00e9s.<\/p>\n<p>Wanl\u00e9 G\u00e9rard<br \/>COULIBALY<br \/>gerard_couyl@yahoo.fr<\/p>\n<div class=\"td-a-rec td-a-rec-id-content_bottom td_uid_31_5cd0aab00e932_rand td_block_template_1\"><img loading=\"lazy\" decoding=\"async\" class=\"alignright size-full wp-image-1724\" src=\"https:\/\/www.sidwaya.info\/wp-content\/uploads\/2018\/12\/sidwaya-pub.jpg\" alt=\"\" width=\"720\" height=\"90\"\/><\/div>\n<p>Auteur: BM. Sidwaya<br \/>\n<a href=\"https:\/\/www.sidwaya.info\/blog\/2019\/05\/05\/les-medias-face-aux-defis-securitaire-et-communautaire\/\">Cliquez ici pour lire l&rsquo;article depuis sa source.<\/a><\/p>\n","protected":false},"excerpt":{"rendered":"<p>La journ\u00e9e du 3 mai, consacr\u00e9e \u00e0 la libert\u00e9 de la presse, a \u00e9t\u00e9 comm\u00e9mor\u00e9e, le vendredi 2019, \u00e0 Ouagadougou par les professionnels des m\u00e9dias. Ces derniers ont pass\u00e9 en revue les entraves \u00e0 la libre expression et \u00e0 l\u2019exercice de l\u2019activit\u00e9 journalistique au Burkina Faso. Aux niveaux mondial et continental, le Burkina Faso, selon [&hellip;]<\/p>\n","protected":false},"author":1816,"featured_media":0,"comment_status":"closed","ping_status":"closed","sticky":false,"template":"","format":"standard","meta":{"fifu_image_url":"","fifu_image_alt":"","footnotes":""},"categories":[73,81],"tags":[],"class_list":["post-32641","post","type-post","status-publish","format-standard","hentry","category-actualite","category-burkina-faso"],"_links":{"self":[{"href":"https:\/\/linitiative.ca\/International\/wp-json\/wp\/v2\/posts\/32641","targetHints":{"allow":["GET"]}}],"collection":[{"href":"https:\/\/linitiative.ca\/International\/wp-json\/wp\/v2\/posts"}],"about":[{"href":"https:\/\/linitiative.ca\/International\/wp-json\/wp\/v2\/types\/post"}],"author":[{"embeddable":true,"href":"https:\/\/linitiative.ca\/International\/wp-json\/wp\/v2\/users\/1816"}],"replies":[{"embeddable":true,"href":"https:\/\/linitiative.ca\/International\/wp-json\/wp\/v2\/comments?post=32641"}],"version-history":[{"count":0,"href":"https:\/\/linitiative.ca\/International\/wp-json\/wp\/v2\/posts\/32641\/revisions"}],"wp:attachment":[{"href":"https:\/\/linitiative.ca\/International\/wp-json\/wp\/v2\/media?parent=32641"}],"wp:term":[{"taxonomy":"category","embeddable":true,"href":"https:\/\/linitiative.ca\/International\/wp-json\/wp\/v2\/categories?post=32641"},{"taxonomy":"post_tag","embeddable":true,"href":"https:\/\/linitiative.ca\/International\/wp-json\/wp\/v2\/tags?post=32641"}],"curies":[{"name":"wp","href":"https:\/\/api.w.org\/{rel}","templated":true}]}}