{"id":32642,"date":"2019-05-05T18:04:12","date_gmt":"2019-05-05T22:04:12","guid":{"rendered":"https:\/\/linitiative.ca\/International\/renforcement-de-loffre-energetique\/"},"modified":"2019-05-05T18:04:12","modified_gmt":"2019-05-05T22:04:12","slug":"renforcement-de-loffre-energetique","status":"publish","type":"post","link":"https:\/\/linitiative.ca\/International\/renforcement-de-loffre-energetique\/","title":{"rendered":"Renforcement de l\u2019offre \u00e9nerg\u00e9tique"},"content":{"rendered":"<div class=\"td-post-featured-image\"><a href=\"https:\/\/i0.wp.com\/www.sidwaya.info\/wp-content\/uploads\/2019\/05\/envir06.jpg?fit=974%2C649&#038;ssl=1\" data-caption=\"\"><img loading=\"lazy\" decoding=\"async\" width=\"696\" height=\"464\" class=\"entry-thumb td-modal-image\" src=\"https:\/\/i0.wp.com\/www.sidwaya.info\/wp-content\/uploads\/2019\/05\/envir06.jpg?resize=696%2C464&#038;ssl=1\" srcset=\"https:\/\/i0.wp.com\/www.sidwaya.info\/wp-content\/uploads\/2019\/05\/envir06.jpg?w=974&#038;ssl=1 974w, https:\/\/i0.wp.com\/www.sidwaya.info\/wp-content\/uploads\/2019\/05\/envir06.jpg?resize=300%2C200&#038;ssl=1 300w, https:\/\/i0.wp.com\/www.sidwaya.info\/wp-content\/uploads\/2019\/05\/envir06.jpg?resize=768%2C512&#038;ssl=1 768w, https:\/\/i0.wp.com\/www.sidwaya.info\/wp-content\/uploads\/2019\/05\/envir06.jpg?resize=696%2C464&#038;ssl=1 696w, https:\/\/i0.wp.com\/www.sidwaya.info\/wp-content\/uploads\/2019\/05\/envir06.jpg?resize=630%2C420&#038;ssl=1 630w\" sizes=\"auto, (max-width: 696px) 100vw, 696px\" alt=\"\" title=\"envir06\"\/><\/a><\/div>\n<div class=\"td-a-rec td-a-rec-id-content_top td_uid_30_5cd0aab345a2f_rand td_block_template_1\"><img loading=\"lazy\" decoding=\"async\" class=\"aligncenter size-full wp-image-4463\" src=\"https:\/\/www.sidwaya.info\/wp-content\/uploads\/2019\/02\/FESPACO-TOUR-2019-Bannie%CC%80re-728x90-1.jpg\" alt=\"\" width=\"728\" height=\"90\"\/><\/div>\n<p><strong>Le Premier ministre, Christophe Joseph Marie Dabir\u00e9, a visit\u00e9, le vendredi 3 mai 2019 \u00e0 Ouagadougou, le chantier de construction de la centrale thermique de la SONABEL, sis \u00e0 Gounghin.<\/strong><\/p>\n<p>A partir du 15 mai 2019, la Soci\u00e9t\u00e9 nationale burkinab\u00e8 d\u2019\u00e9lectricit\u00e9 (SONABEL) recevra 50 MW de plus dans son r\u00e9seau. L\u2019assurance a \u00e9t\u00e9 donn\u00e9e par le chef de projet Aggreko, Francis Bessong Ayuk, lors de la visite du Premier ministre, Christophe Joseph Marie Dabir\u00e9, le 3 mai 2019 sur le chantier de construction de la centrale thermique de la nationale de l\u2019\u00e9lectricit\u00e9, \u00e0 Ouagadougou. Implant\u00e9e \u00e0 Gounghin pour une dur\u00e9e de trois ans, la centrale thermique est dot\u00e9e de 31 groupes d\u2019une puissance de 1, 8 m\u00e9gawatt chacun. Son co\u00fbt est estim\u00e9 \u00e0 50 milliards FCFA, assur\u00e9 par l\u2019entreprise. L\u2019\u00e9nergie produite sera vendue \u00e0 la SONABEL pour sa redistribution aux populations. Les responsables de l\u2019entreprise ont confi\u00e9 qu\u2019il reste \u00e0 la date du 3 mai 2019, des travaux de raccordement pour la mise en marche de la centrale. \u00abJe suis fier de constater que le travail a beaucoup avanc\u00e9. Certes, il y a eu un l\u00e9ger retard, car nous attendions la mise \u00e0 r\u00e9seau \u00e0 partir de fin avril, mais d\u2019ici le 15 mai, on devrait pouvoir renforcer le potentiel de production de la SONABEL et amoindrir ainsi les d\u00e9lestages\u00bb, s\u2019est r\u00e9joui le chef du gouvernement. Pour Christophe Dabir\u00e9, cette centrale est une solution qui vient raffermir les options politiques d\u00e9j\u00e0 prises en vue de renforcer la s\u00e9curit\u00e9 \u00e9nerg\u00e9tique du pays. A cet effet, il a f\u00e9licit\u00e9 l\u2019entreprise Aggreko pour le travail abattu et notamment pour avoir eu recours \u00e0 la ressource humaine nationale. \u00abCela montre qu\u2019il existe des ressources humaines de qualit\u00e9 qui prendront la rel\u00e8ve d\u2019ici quelques ann\u00e9es\u00bb, a-t-il soutenu. Selon le ministre de l\u2019Energie, Bachir Isma\u00ebl Ou\u00e9draogo, pendant<br \/>trois ans, cette centrale va permettre de r\u00e9pondre \u00e0 la demande de plus en plus forte en p\u00e9riode de canicule. Il a rassur\u00e9 la population que le gouvernement travaille pour garantir une accessibilit\u00e9 \u00e0 une \u00e9nergie de qualit\u00e9 \u00e0 moindre co\u00fbt. A l\u2019entendre, des promotions pour la connexion au r\u00e9seau seront faites pour permettre au maximum de populations d\u2019y avoir acc\u00e8s. \u00abElle se fera \u00e0 des prix d\u00e9fiant toute concurrence parce que nous sommes r\u00e9solument engag\u00e9s \u00e0 sortir le Burkina Faso de l\u2019obscurit\u00e9\u00bb, a laiss\u00e9 entendre M. Ou\u00e9draogo.<\/p>\n<p>Fleur BIRBA<br \/>fleurbirba@gmail.com<\/p>\n<div class=\"td-a-rec td-a-rec-id-content_bottom td_uid_31_5cd0aab345c79_rand td_block_template_1\"><img loading=\"lazy\" decoding=\"async\" class=\"alignright size-full wp-image-1724\" src=\"https:\/\/www.sidwaya.info\/wp-content\/uploads\/2018\/12\/sidwaya-pub.jpg\" alt=\"\" width=\"720\" height=\"90\"\/><\/div>\n<p>Auteur: BM. Sidwaya<br \/>\n<a href=\"https:\/\/www.sidwaya.info\/blog\/2019\/05\/05\/renforcement-de-loffre-energetique\/\">Cliquez ici pour lire l&rsquo;article depuis sa source.<\/a><\/p>\n","protected":false},"excerpt":{"rendered":"<p>Le Premier ministre, Christophe Joseph Marie Dabir\u00e9, a visit\u00e9, le vendredi 3 mai 2019 \u00e0 Ouagadougou, le chantier de construction de la centrale thermique de la SONABEL, sis \u00e0 Gounghin. A partir du 15 mai 2019, la Soci\u00e9t\u00e9 nationale burkinab\u00e8 d\u2019\u00e9lectricit\u00e9 (SONABEL) recevra 50 MW de plus dans son r\u00e9seau. L\u2019assurance a \u00e9t\u00e9 donn\u00e9e par [&hellip;]<\/p>\n","protected":false},"author":1816,"featured_media":0,"comment_status":"closed","ping_status":"closed","sticky":false,"template":"","format":"standard","meta":{"fifu_image_url":"","fifu_image_alt":"","footnotes":""},"categories":[73,81],"tags":[],"class_list":["post-32642","post","type-post","status-publish","format-standard","hentry","category-actualite","category-burkina-faso"],"_links":{"self":[{"href":"https:\/\/linitiative.ca\/International\/wp-json\/wp\/v2\/posts\/32642","targetHints":{"allow":["GET"]}}],"collection":[{"href":"https:\/\/linitiative.ca\/International\/wp-json\/wp\/v2\/posts"}],"about":[{"href":"https:\/\/linitiative.ca\/International\/wp-json\/wp\/v2\/types\/post"}],"author":[{"embeddable":true,"href":"https:\/\/linitiative.ca\/International\/wp-json\/wp\/v2\/users\/1816"}],"replies":[{"embeddable":true,"href":"https:\/\/linitiative.ca\/International\/wp-json\/wp\/v2\/comments?post=32642"}],"version-history":[{"count":0,"href":"https:\/\/linitiative.ca\/International\/wp-json\/wp\/v2\/posts\/32642\/revisions"}],"wp:attachment":[{"href":"https:\/\/linitiative.ca\/International\/wp-json\/wp\/v2\/media?parent=32642"}],"wp:term":[{"taxonomy":"category","embeddable":true,"href":"https:\/\/linitiative.ca\/International\/wp-json\/wp\/v2\/categories?post=32642"},{"taxonomy":"post_tag","embeddable":true,"href":"https:\/\/linitiative.ca\/International\/wp-json\/wp\/v2\/tags?post=32642"}],"curies":[{"name":"wp","href":"https:\/\/api.w.org\/{rel}","templated":true}]}}