{"id":32643,"date":"2019-05-05T18:08:03","date_gmt":"2019-05-05T22:08:03","guid":{"rendered":"https:\/\/linitiative.ca\/International\/ministere-de-ladministration-territoriale-le-syndicat-annoncent-une-greve-de-72-heures\/"},"modified":"2019-05-05T18:08:03","modified_gmt":"2019-05-05T22:08:03","slug":"ministere-de-ladministration-territoriale-le-syndicat-annoncent-une-greve-de-72-heures","status":"publish","type":"post","link":"https:\/\/linitiative.ca\/International\/ministere-de-ladministration-territoriale-le-syndicat-annoncent-une-greve-de-72-heures\/","title":{"rendered":"Minist\u00e8re de l\u2019Administration territoriale: le syndicat annoncent  une gr\u00e8ve de 72 heures"},"content":{"rendered":"<div class=\"td-post-featured-image\"><a href=\"https:\/\/i1.wp.com\/www.sidwaya.info\/wp-content\/uploads\/2019\/05\/syndicat.jpg?fit=974%2C650&#038;ssl=1\" data-caption=\"\"><img loading=\"lazy\" decoding=\"async\" width=\"696\" height=\"464\" class=\"entry-thumb td-modal-image\" src=\"https:\/\/i1.wp.com\/www.sidwaya.info\/wp-content\/uploads\/2019\/05\/syndicat.jpg?resize=696%2C464&#038;ssl=1\" srcset=\"https:\/\/i1.wp.com\/www.sidwaya.info\/wp-content\/uploads\/2019\/05\/syndicat.jpg?w=974&#038;ssl=1 974w, https:\/\/i1.wp.com\/www.sidwaya.info\/wp-content\/uploads\/2019\/05\/syndicat.jpg?resize=300%2C200&#038;ssl=1 300w, https:\/\/i1.wp.com\/www.sidwaya.info\/wp-content\/uploads\/2019\/05\/syndicat.jpg?resize=768%2C513&#038;ssl=1 768w, https:\/\/i1.wp.com\/www.sidwaya.info\/wp-content\/uploads\/2019\/05\/syndicat.jpg?resize=696%2C464&#038;ssl=1 696w, https:\/\/i1.wp.com\/www.sidwaya.info\/wp-content\/uploads\/2019\/05\/syndicat.jpg?resize=629%2C420&#038;ssl=1 629w\" sizes=\"auto, (max-width: 696px) 100vw, 696px\" alt=\"\" title=\"syndicat\"\/><\/a><\/div>\n<div class=\"td-a-rec td-a-rec-id-content_top td_uid_30_5cd0aab660620_rand td_block_template_1\"><img loading=\"lazy\" decoding=\"async\" class=\"aligncenter size-full wp-image-4463\" src=\"https:\/\/www.sidwaya.info\/wp-content\/uploads\/2019\/02\/FESPACO-TOUR-2019-Bannie%CC%80re-728x90-1.jpg\" alt=\"\" width=\"728\" height=\"90\"\/><\/div>\n<p><strong>Le Syndicat national des administrateurs civils, des secr\u00e9taires et adjoints administratifs du Burkina (SYNACSAB) a anim\u00e9 une conf\u00e9rence de presse, le samedi 4 mai 2019, \u00e0 la Bourse du travail \u00e0 Ouagadougou. Le syndicat compte aller en gr\u00e8ve du 22 au 24 mai prochain.<\/strong><\/p>\n<p>Le Syndicat national des administrateurs civils, des secr\u00e9taires et adjoints administratifs du Burkina (SYNACSAB) est m\u00e9content du traitement r\u00e9serv\u00e9 \u00e0 sa plateforme revendicative. Le samedi 4 mai, la structure a organis\u00e9 une conf\u00e9rence de presse \u00e0 la Bourse du travail \u00e0 Ouagadougou, pour d\u00e9noncer ce qu\u2019il appelle le \u00abdilatoire\u00bb du gouvernement. Ainsi, pour donner de la voix, le secr\u00e9taire g\u00e9n\u00e9ral du SYNACSAB, Adama Bidiga, a annonc\u00e9 une gr\u00e8ve de 72 heures sur toute l\u2019\u00e9tendue du territoire national \u00e0 partir du 22 mai, avec une marche au dernier jour. Dans sa plateforme revendicative d\u00e9pos\u00e9e le 26 avril 2017, le SYNACSAB r\u00e9clame l\u2019adoption d\u2019une loi portant institution du corps pr\u00e9fectoral, d\u2019un plan de promotion, d\u2019un d\u00e9cret portant modalit\u00e9 d\u2019exercice de la fonction de secr\u00e9taire g\u00e9n\u00e9ral de collectivit\u00e9s et la gestion de l\u2019\u00e9tat civil dans les repr\u00e9sentations diplomatiques par les administrateurs civils, les secr\u00e9taires et les adjoints administratifs. Les n\u00e9gociations qui avaient \u00e9t\u00e9 entam\u00e9es avec le gouvernement, selon Adama Bidiga, ont \u00e9t\u00e9 rompues en janvier 2018 \u00e0 la suite de la d\u00e9cision de remise \u00e0 plat du syst\u00e8me de r\u00e9mun\u00e9ration des travailleurs de la Fonction publique. \u00abDepuis lors, ce sont des agents d\u00e9sempar\u00e9s, d\u00e9boussol\u00e9s, d\u00e9laiss\u00e9s et d\u00e9motiv\u00e9s qui, face \u00e0 l\u2019indiff\u00e9rence du premier responsable, tentent de remplir une mission qu\u2019ils savent impossible\u00bb, a-t-il d\u00e9plor\u00e9. Pour le bureau ex\u00e9cutif du syndicat, l\u2019on assiste \u00e0 des vell\u00e9it\u00e9s de r\u00e9formes non inclusives et de r\u00e9duction de leurs attributions telles que l\u2019am\u00e9nagement du territoire, la gestion des conflits, la protection civile et l\u2019\u00e9tat civil.\u2008Il a invit\u00e9 le gouvernement burkinab\u00e8 \u00e0 s\u2019inspirer du S\u00e9n\u00e9gal qui est un bon exemple dans ce domaine de gestion. Le syndicat a profit\u00e9 de l\u2019occasion pour marquer son soutien aux forces de d\u00e9fense et de s\u00e9curit\u00e9 pour le<br \/>travail abattu dans la s\u00e9curisation du territoire.<\/p>\n<p>Arnaud Fid\u00e8le YAMEOGO<br \/>(Stagiaire)<\/p>\n<div class=\"td-a-rec td-a-rec-id-content_bottom td_uid_31_5cd0aab660864_rand td_block_template_1\"><img loading=\"lazy\" decoding=\"async\" class=\"alignright size-full wp-image-1724\" src=\"https:\/\/www.sidwaya.info\/wp-content\/uploads\/2018\/12\/sidwaya-pub.jpg\" alt=\"\" width=\"720\" height=\"90\"\/><\/div>\n<p>Auteur: BM. Sidwaya<br \/>\n<a href=\"https:\/\/www.sidwaya.info\/blog\/2019\/05\/05\/ministere-de-ladministration-territoriale-le-syndicat-annoncent-une-greve-de-72-heures\/\">Cliquez ici pour lire l&rsquo;article depuis sa source.<\/a><\/p>\n","protected":false},"excerpt":{"rendered":"<p>Le Syndicat national des administrateurs civils, des secr\u00e9taires et adjoints administratifs du Burkina (SYNACSAB) a anim\u00e9 une conf\u00e9rence de presse, le samedi 4 mai 2019, \u00e0 la Bourse du travail \u00e0 Ouagadougou. Le syndicat compte aller en gr\u00e8ve du 22 au 24 mai prochain. Le Syndicat national des administrateurs civils, des secr\u00e9taires et adjoints administratifs [&hellip;]<\/p>\n","protected":false},"author":1816,"featured_media":0,"comment_status":"closed","ping_status":"closed","sticky":false,"template":"","format":"standard","meta":{"fifu_image_url":"","fifu_image_alt":"","footnotes":""},"categories":[73,81],"tags":[],"class_list":["post-32643","post","type-post","status-publish","format-standard","hentry","category-actualite","category-burkina-faso"],"_links":{"self":[{"href":"https:\/\/linitiative.ca\/International\/wp-json\/wp\/v2\/posts\/32643","targetHints":{"allow":["GET"]}}],"collection":[{"href":"https:\/\/linitiative.ca\/International\/wp-json\/wp\/v2\/posts"}],"about":[{"href":"https:\/\/linitiative.ca\/International\/wp-json\/wp\/v2\/types\/post"}],"author":[{"embeddable":true,"href":"https:\/\/linitiative.ca\/International\/wp-json\/wp\/v2\/users\/1816"}],"replies":[{"embeddable":true,"href":"https:\/\/linitiative.ca\/International\/wp-json\/wp\/v2\/comments?post=32643"}],"version-history":[{"count":0,"href":"https:\/\/linitiative.ca\/International\/wp-json\/wp\/v2\/posts\/32643\/revisions"}],"wp:attachment":[{"href":"https:\/\/linitiative.ca\/International\/wp-json\/wp\/v2\/media?parent=32643"}],"wp:term":[{"taxonomy":"category","embeddable":true,"href":"https:\/\/linitiative.ca\/International\/wp-json\/wp\/v2\/categories?post=32643"},{"taxonomy":"post_tag","embeddable":true,"href":"https:\/\/linitiative.ca\/International\/wp-json\/wp\/v2\/tags?post=32643"}],"curies":[{"name":"wp","href":"https:\/\/api.w.org\/{rel}","templated":true}]}}