{"id":32644,"date":"2019-05-05T18:12:14","date_gmt":"2019-05-05T22:12:14","guid":{"rendered":"https:\/\/linitiative.ca\/International\/lutte-contre-le-terrorisme-le-japon-promet-du-materiel-roulant\/"},"modified":"2019-05-05T18:12:14","modified_gmt":"2019-05-05T22:12:14","slug":"lutte-contre-le-terrorisme-le-japon-promet-du-materiel-roulant","status":"publish","type":"post","link":"https:\/\/linitiative.ca\/International\/lutte-contre-le-terrorisme-le-japon-promet-du-materiel-roulant\/","title":{"rendered":"Lutte contre le terrorisme: le Japon promet du mat\u00e9riel roulant"},"content":{"rendered":"<div class=\"td-post-featured-image\"><a href=\"https:\/\/i0.wp.com\/www.sidwaya.info\/wp-content\/uploads\/2019\/05\/japon06.jpg?fit=787%2C509&#038;ssl=1\" data-caption=\"\"><img loading=\"lazy\" decoding=\"async\" width=\"696\" height=\"450\" class=\"entry-thumb td-modal-image\" src=\"https:\/\/i0.wp.com\/www.sidwaya.info\/wp-content\/uploads\/2019\/05\/japon06.jpg?resize=696%2C450&#038;ssl=1\" srcset=\"https:\/\/i0.wp.com\/www.sidwaya.info\/wp-content\/uploads\/2019\/05\/japon06.jpg?w=787&#038;ssl=1 787w, https:\/\/i0.wp.com\/www.sidwaya.info\/wp-content\/uploads\/2019\/05\/japon06.jpg?resize=300%2C194&#038;ssl=1 300w, https:\/\/i0.wp.com\/www.sidwaya.info\/wp-content\/uploads\/2019\/05\/japon06.jpg?resize=768%2C497&#038;ssl=1 768w, https:\/\/i0.wp.com\/www.sidwaya.info\/wp-content\/uploads\/2019\/05\/japon06.jpg?resize=696%2C450&#038;ssl=1 696w, https:\/\/i0.wp.com\/www.sidwaya.info\/wp-content\/uploads\/2019\/05\/japon06.jpg?resize=649%2C420&#038;ssl=1 649w\" sizes=\"auto, (max-width: 696px) 100vw, 696px\" alt=\"\" title=\"japon06\"\/><\/a><\/div>\n<div class=\"td-a-rec td-a-rec-id-content_top td_uid_30_5cd0aab97a28a_rand td_block_template_1\"><img loading=\"lazy\" decoding=\"async\" class=\"aligncenter size-full wp-image-4463\" src=\"https:\/\/www.sidwaya.info\/wp-content\/uploads\/2019\/02\/FESPACO-TOUR-2019-Bannie%CC%80re-728x90-1.jpg\" alt=\"\" width=\"728\" height=\"90\"\/><\/div>\n<p><strong>Le Premier ministre, Christophe Joseph Marie Dabir\u00e9, a re\u00e7u en audience l\u2019ambassadeur du Japon au Burkina Faso, Tamotsu Ikezaki, le vendredi 3 mai 2019 \u00e0 Ouagadougou. Les \u00e9changes ont port\u00e9 sur la coop\u00e9ration entre les deux pays et le soutien de l\u2019empire du Soleil-Levant \u00e0 la lutte contre le terrorisme au Burkina Faso.<\/strong><\/p>\n<p>Dans l\u2019apr\u00e8s-midi du 3 mai 2019, l\u2019ambassadeur du Japon au Burkina Faso, Tamotsu Ikezaki, a rendu une visite de courtoisie au chef du gouvernement, Christophe Joseph Marie Dabir\u00e9. Il a \u00e9t\u00e9 question du bilan de la coop\u00e9ration \u00e9conomique et technique japonaise au Burkina Faso au cours des \u00e9changes entre les deux personnalit\u00e9s. \u00abNous avons \u00e9voqu\u00e9 la tenue de la prochaine TICAD au Japon, du 28 au 30 ao\u00fbt 2019, \u00e0 laquelle le pr\u00e9sident du Faso est invit\u00e9 \u00e0 participer. Je souhaite vivement sa pr\u00e9sence au cours de cet \u00e9v\u00e8nement\u00bb, a-t-il soulign\u00e9. Le diplomate japonais a \u00e9galement \u00e9voqu\u00e9 l\u2019intronisation du nouvel empereur Naruhito de son pays, le 1er mai 2019. \u00abNous sommes entr\u00e9s dans la nouvelle \u00e8re Reiwa. Avec la question du terrorisme, le gouvernement s\u2019est fix\u00e9 pour objectif la stabilit\u00e9 de la soci\u00e9t\u00e9, c\u2019est pourquoi il est d\u00e9termin\u00e9 \u00e0 d\u00e9ployer tous les efforts pour endiguer le ph\u00e9nom\u00e8ne\u00bb, a soutenu l\u2019ambassadeur. A cet effet, il a rassur\u00e9 le gouvernement qu\u2019au cours de cette ann\u00e9e 2019, une centaine de mat\u00e9riel roulant (v\u00e9hicules et motos) sera octroy\u00e9 pour faire face \u00e0 l\u2019ins\u00e9curit\u00e9 que conna\u00eet le pays depuis 2016. \u00abC\u2019est une contribution modeste envers le Burkina pour soutenir au maximum les personnes vuln\u00e9rables\u00bb, a-t-il indiqu\u00e9. Dans le cadre de la coop\u00e9ration avec le Burkina Faso, le Japon intervient dans les domaines de l\u2019\u00e9ducation, de l\u2019agriculture et de l\u2019int\u00e9gration r\u00e9gionale.<\/p>\n<p>Fleur BIRBA<\/p>\n<div class=\"td-a-rec td-a-rec-id-content_bottom td_uid_31_5cd0aab97a524_rand td_block_template_1\"><img loading=\"lazy\" decoding=\"async\" class=\"alignright size-full wp-image-1724\" src=\"https:\/\/www.sidwaya.info\/wp-content\/uploads\/2018\/12\/sidwaya-pub.jpg\" alt=\"\" width=\"720\" height=\"90\"\/><\/div>\n<p>Auteur: BM. Sidwaya<br \/>\n<a href=\"https:\/\/www.sidwaya.info\/blog\/2019\/05\/05\/lutte-contre-le-terrorisme-le-japon-promet-du-materiel-roulant\/\">Cliquez ici pour lire l&rsquo;article depuis sa source.<\/a><\/p>\n","protected":false},"excerpt":{"rendered":"<p>Le Premier ministre, Christophe Joseph Marie Dabir\u00e9, a re\u00e7u en audience l\u2019ambassadeur du Japon au Burkina Faso, Tamotsu Ikezaki, le vendredi 3 mai 2019 \u00e0 Ouagadougou. Les \u00e9changes ont port\u00e9 sur la coop\u00e9ration entre les deux pays et le soutien de l\u2019empire du Soleil-Levant \u00e0 la lutte contre le terrorisme au Burkina Faso. Dans l\u2019apr\u00e8s-midi [&hellip;]<\/p>\n","protected":false},"author":1816,"featured_media":0,"comment_status":"closed","ping_status":"closed","sticky":false,"template":"","format":"standard","meta":{"fifu_image_url":"","fifu_image_alt":"","footnotes":""},"categories":[73,81],"tags":[],"class_list":["post-32644","post","type-post","status-publish","format-standard","hentry","category-actualite","category-burkina-faso"],"_links":{"self":[{"href":"https:\/\/linitiative.ca\/International\/wp-json\/wp\/v2\/posts\/32644","targetHints":{"allow":["GET"]}}],"collection":[{"href":"https:\/\/linitiative.ca\/International\/wp-json\/wp\/v2\/posts"}],"about":[{"href":"https:\/\/linitiative.ca\/International\/wp-json\/wp\/v2\/types\/post"}],"author":[{"embeddable":true,"href":"https:\/\/linitiative.ca\/International\/wp-json\/wp\/v2\/users\/1816"}],"replies":[{"embeddable":true,"href":"https:\/\/linitiative.ca\/International\/wp-json\/wp\/v2\/comments?post=32644"}],"version-history":[{"count":0,"href":"https:\/\/linitiative.ca\/International\/wp-json\/wp\/v2\/posts\/32644\/revisions"}],"wp:attachment":[{"href":"https:\/\/linitiative.ca\/International\/wp-json\/wp\/v2\/media?parent=32644"}],"wp:term":[{"taxonomy":"category","embeddable":true,"href":"https:\/\/linitiative.ca\/International\/wp-json\/wp\/v2\/categories?post=32644"},{"taxonomy":"post_tag","embeddable":true,"href":"https:\/\/linitiative.ca\/International\/wp-json\/wp\/v2\/tags?post=32644"}],"curies":[{"name":"wp","href":"https:\/\/api.w.org\/{rel}","templated":true}]}}