{"id":32648,"date":"2019-05-06T14:18:03","date_gmt":"2019-05-06T18:18:03","guid":{"rendered":"https:\/\/linitiative.ca\/International\/signature-dun-protocole-par-lande-et-le-cepici-pour-faciliter-levaluation-environnementale\/"},"modified":"2019-05-06T14:18:03","modified_gmt":"2019-05-06T18:18:03","slug":"signature-dun-protocole-par-lande-et-le-cepici-pour-faciliter-levaluation-environnementale","status":"publish","type":"post","link":"https:\/\/linitiative.ca\/International\/signature-dun-protocole-par-lande-et-le-cepici-pour-faciliter-levaluation-environnementale\/","title":{"rendered":"Signature d\u2019un protocole par l\u2019ANDE et le CEPICI pour faciliter l\u2019\u00e9valuation environnementale"},"content":{"rendered":"<div readability=\"32\">\n<p>Publi\u00e9 le 06.05.2019 \u00e0 19h18 par APA News<\/p>\n<\/div>\n<div readability=\"90\">\n<p>L\u2019Agence nationale de l\u2019environnement (ANDE) et le Centre de promotion des investissements en C\u00f4te d\u2019Ivoire (CEPICI) ont sign\u00e9, lundi \u00e0 Abidjan, un protocole d\u2019accord de collaboration en vue de faciliter le traitement des dossiers dans le cadre des projets soumis \u00e0 \u00e9valuation environnementale, a constat\u00e9 APA sur place dans la capitale \u00e9conomique ivoirienne.L\u2019accord a \u00e9t\u00e9 paraph\u00e9 par le Secr\u00e9taire d\u2019Etat aupr\u00e8s du Premier ministre, charg\u00e9 de la promotion de l\u2019investissement priv\u00e9, Emmanuel Esmel Essis \u00e9galement Directeur g\u00e9n\u00e9ral du CEPICI, \u00a0et la Directrice g\u00e9n\u00e9rale de l\u2019ANDE, Madelaine Sopi Acko, sous le regard du ministre de l\u2019environnement et du d\u00e9veloppement durable, Pr Jospeh S\u00e9ka S\u00e9ka.<\/p>\n<p>Pr\u00e9sentant \u00a0cet accord, le ministre S\u00e9ka S\u00e9ka a indiqu\u00e9 que \u00ab cette initiative vise \u00e0 \u00a0simplifier les proc\u00e9dures et les d\u00e9lais de traitement de dossiers relatifs \u00e0 l\u2019\u00e9valuation environnementale et \u00e0 contribuer ainsi aux r\u00e9formes en cours pour l\u2019am\u00e9lioration du climat des affaires en C\u00f4te d\u2019Ivoire \u00bb.<\/p>\n<p>\u00a0\u00ab Ces deux institutions se sont rapproch\u00e9es et ont convenu de s\u2019accorder sur un mode op\u00e9ratoire de facilitation de traitement des dossiers \u00a0dans le cadre de l\u2019octroi d\u2019agr\u00e9ment \u00e0 l\u2019investissement des projets soumis \u00e0 \u00e9valuation environnementale pour le bien-\u00eatre des op\u00e9rateurs et investisseurs \u00a0\u00bb, a-t-il ajout\u00e9.<\/p>\n<p>Pour le Directeur g\u00e9n\u00e9ral du CEPICI, le guichet unique de l\u2019investissement en C\u00f4te d\u2019Ivoire, \u00ab cette collaboration vient renforcer les efforts du gouvernement dans sa politique de l\u2019am\u00e9lioration \u00a0du climat des affaires\u00bb dans le pays.<\/p>\n<p>\u00ab Au regard (\u2026) de la pertinence des \u00e9valuations environnementales sur l\u2019efficacit\u00e9 \u00e9conomique et sociale des entreprises \u00a0et de leur comp\u00e9titivit\u00e9 sur le long terme, il nous ait paru n\u00e9cessaire de nous accorder sur un mode op\u00e9ratoire de facilitation de traitement des dossiers \u00a0\u00bb, a soulign\u00e9 auparavant, la Directrice g\u00e9n\u00e9rale de l\u2019ANDE, Madelaine Sopi Acko.<\/p>\n<p><ins data-revive-zoneid=\"9\" data-revive-id=\"10111e19d28d19d031742ee3b0b33eb0\"\/> <\/p>\n<p>L\u2019Evaluation environnementale strat\u00e9gique (EES), l\u2019Etude \u00a0d\u2019impact environnemental et social (EIES), le Constat d\u2019impact environnemental (CIES), l\u2019Audit environnemental (AE), le Plan de gestion des pestes et pesticides (PGPP) sont quelques outils vis\u00e9s par ce protocole d\u2019accord entre ces deux structures \u00e9tatiques.<\/p>\n<p>\u00a0L\u2019ANDE, plac\u00e9e sous tutelle du minist\u00e8re de l\u2019environnement et du d\u00e9veloppement durable, met en \u0153uvre et suit la politique du gouvernement en mati\u00e8re de protection de l\u2019environnement et de promotion du d\u00e9veloppement durable.<\/p>\n<p>Quant au CEPICI, sa principale mission est d\u2019accompagner le secteur priv\u00e9 et de servir d\u2019interface entre celui-ci et l\u2019Etat afin accro\u00eetre les investissements dans le pays.<\/p>\n<\/div>\n<p>Auteur: APA News<br \/>\n<a href=\"https:\/\/www.journalducameroun.com\/fr\/signature-dun-protocole-par-lande-et-le-cepici-pour-faciliter-levaluation-environnementale\/\">Cliquez ici pour lire l&rsquo;article depuis sa source.<\/a><\/p>\n","protected":false},"excerpt":{"rendered":"<p>Publi\u00e9 le 06.05.2019 \u00e0 19h18 par APA News L\u2019Agence nationale de l\u2019environnement (ANDE) et le Centre de promotion des investissements en C\u00f4te d\u2019Ivoire (CEPICI) ont sign\u00e9, lundi \u00e0 Abidjan, un protocole d\u2019accord de collaboration en vue de faciliter le traitement des dossiers dans le cadre des projets soumis \u00e0 \u00e9valuation environnementale, a constat\u00e9 APA sur [&hellip;]<\/p>\n","protected":false},"author":1965,"featured_media":0,"comment_status":"closed","ping_status":"closed","sticky":false,"template":"","format":"standard","meta":{"fifu_image_url":"","fifu_image_alt":"","footnotes":""},"categories":[73,82],"tags":[],"class_list":["post-32648","post","type-post","status-publish","format-standard","hentry","category-actualite","category-cameroun"],"_links":{"self":[{"href":"https:\/\/linitiative.ca\/International\/wp-json\/wp\/v2\/posts\/32648","targetHints":{"allow":["GET"]}}],"collection":[{"href":"https:\/\/linitiative.ca\/International\/wp-json\/wp\/v2\/posts"}],"about":[{"href":"https:\/\/linitiative.ca\/International\/wp-json\/wp\/v2\/types\/post"}],"author":[{"embeddable":true,"href":"https:\/\/linitiative.ca\/International\/wp-json\/wp\/v2\/users\/1965"}],"replies":[{"embeddable":true,"href":"https:\/\/linitiative.ca\/International\/wp-json\/wp\/v2\/comments?post=32648"}],"version-history":[{"count":0,"href":"https:\/\/linitiative.ca\/International\/wp-json\/wp\/v2\/posts\/32648\/revisions"}],"wp:attachment":[{"href":"https:\/\/linitiative.ca\/International\/wp-json\/wp\/v2\/media?parent=32648"}],"wp:term":[{"taxonomy":"category","embeddable":true,"href":"https:\/\/linitiative.ca\/International\/wp-json\/wp\/v2\/categories?post=32648"},{"taxonomy":"post_tag","embeddable":true,"href":"https:\/\/linitiative.ca\/International\/wp-json\/wp\/v2\/tags?post=32648"}],"curies":[{"name":"wp","href":"https:\/\/api.w.org\/{rel}","templated":true}]}}