{"id":32649,"date":"2019-05-06T14:18:05","date_gmt":"2019-05-06T18:18:05","guid":{"rendered":"https:\/\/linitiative.ca\/International\/ouverture-a-bangui-de-la-deuxieme-commission-mixte-rca-cameroun\/"},"modified":"2019-05-06T14:18:05","modified_gmt":"2019-05-06T18:18:05","slug":"ouverture-a-bangui-de-la-deuxieme-commission-mixte-rca-cameroun","status":"publish","type":"post","link":"https:\/\/linitiative.ca\/International\/ouverture-a-bangui-de-la-deuxieme-commission-mixte-rca-cameroun\/","title":{"rendered":"Ouverture \u00e0 Bangui de la deuxi\u00e8me commission mixte RCA-Cameroun"},"content":{"rendered":"<div readability=\"32\">\n<p>Publi\u00e9 le 06.05.2019 \u00e0 19h18 par APA News<\/p>\n<\/div>\n<div readability=\"57\">\n<p>La deuxi\u00e8me commission mixte RCA-Cameroun a d\u00e9marr\u00e9 ses travaux, lundi \u00e0 Bangui, en pr\u00e9sence d\u2019une forte d\u00e9l\u00e9gation camerounaise conduite par le ministre de la Coop\u00e9ration, Lejeune Mbella Mbella.Ces travaux qui durent deux jours sont ax\u00e9s sur le commerce, le s\u00e9jour de leurs ressortissants dans les pays respectifs et la mise en \u0153uvre des r\u00e8glementations communautaires sur les taxes et autres droits fiscaux et douaniers.<\/p>\n<p>La ministre centrafricaine des Affaires Etrang\u00e8res, Sylvie Ba\u00efpo Temon a indiqu\u00e9 que l\u2019objectif de cette r\u00e9union qui regroupe les cadres de plusieurs d\u00e9partements administratifs du Cameroun et de la RCA est de r\u00e9gler le probl\u00e8me de l\u2019ins\u00e9curit\u00e9 \u00e0 leur fronti\u00e8re commune qui emp\u00eache la libre circulation des biens et des personnes entre ces deux pays. A cela, il faut ajouter les probl\u00e8mes des \u00e9tudes des jeunes centrafricains dans les universit\u00e9s et autres \u00e9tablissements scolaires camerounais.<\/p>\n<p>C\u2019est au Cameroun que la RCA importe et exporte la majorit\u00e9 de ses biens. Or, ces derniers temps, le probl\u00e8me de l\u2019ins\u00e9curit\u00e9 \u00e0 leur fronti\u00e8re commune a pouss\u00e9 le Cameroun a ferm\u00e9 unilat\u00e9ralement sa fronti\u00e8re avec le RCA par le corridor Bangui-Douala au niveau de Beloko cot\u00e9 centrafricain et Garouaboulay cot\u00e9 camerounais. Cette situation a eu pour cons\u00e9quence une hausse des prix de produits de premi\u00e8re n\u00e9cessit\u00e9 en Centrafrique et la raret\u00e9 de certaines denr\u00e9es alimentaires.<\/p>\n<p><ins data-revive-zoneid=\"9\" data-revive-id=\"10111e19d28d19d031742ee3b0b33eb0\"\/> <\/p>\n<p>Cette commission mixte qui s\u2019ach\u00e8ve ce mardi pourra arr\u00eater des mesures susceptibles de normaliser la coop\u00e9ration entre ces deux \u00c9tats de la Communaut\u00e9 \u00c9conomique et Mon\u00e9taire des \u00c9tats de l\u2019Afrique Centrale(CEMAC).<\/p>\n<\/div>\n<p>Auteur: APA News<br \/>\n<a href=\"https:\/\/www.journalducameroun.com\/fr\/ouverture-a-bangui-de-la-deuxieme-commission-mixte-rca-cameroun\/\">Cliquez ici pour lire l&rsquo;article depuis sa source.<\/a><\/p>\n","protected":false},"excerpt":{"rendered":"<p>Publi\u00e9 le 06.05.2019 \u00e0 19h18 par APA News La deuxi\u00e8me commission mixte RCA-Cameroun a d\u00e9marr\u00e9 ses travaux, lundi \u00e0 Bangui, en pr\u00e9sence d\u2019une forte d\u00e9l\u00e9gation camerounaise conduite par le ministre de la Coop\u00e9ration, Lejeune Mbella Mbella.Ces travaux qui durent deux jours sont ax\u00e9s sur le commerce, le s\u00e9jour de leurs ressortissants dans les pays respectifs [&hellip;]<\/p>\n","protected":false},"author":1965,"featured_media":0,"comment_status":"closed","ping_status":"closed","sticky":false,"template":"","format":"standard","meta":{"fifu_image_url":"","fifu_image_alt":"","footnotes":""},"categories":[73,82],"tags":[],"class_list":["post-32649","post","type-post","status-publish","format-standard","hentry","category-actualite","category-cameroun"],"_links":{"self":[{"href":"https:\/\/linitiative.ca\/International\/wp-json\/wp\/v2\/posts\/32649","targetHints":{"allow":["GET"]}}],"collection":[{"href":"https:\/\/linitiative.ca\/International\/wp-json\/wp\/v2\/posts"}],"about":[{"href":"https:\/\/linitiative.ca\/International\/wp-json\/wp\/v2\/types\/post"}],"author":[{"embeddable":true,"href":"https:\/\/linitiative.ca\/International\/wp-json\/wp\/v2\/users\/1965"}],"replies":[{"embeddable":true,"href":"https:\/\/linitiative.ca\/International\/wp-json\/wp\/v2\/comments?post=32649"}],"version-history":[{"count":0,"href":"https:\/\/linitiative.ca\/International\/wp-json\/wp\/v2\/posts\/32649\/revisions"}],"wp:attachment":[{"href":"https:\/\/linitiative.ca\/International\/wp-json\/wp\/v2\/media?parent=32649"}],"wp:term":[{"taxonomy":"category","embeddable":true,"href":"https:\/\/linitiative.ca\/International\/wp-json\/wp\/v2\/categories?post=32649"},{"taxonomy":"post_tag","embeddable":true,"href":"https:\/\/linitiative.ca\/International\/wp-json\/wp\/v2\/tags?post=32649"}],"curies":[{"name":"wp","href":"https:\/\/api.w.org\/{rel}","templated":true}]}}