{"id":32650,"date":"2019-05-06T14:50:02","date_gmt":"2019-05-06T18:50:02","guid":{"rendered":"https:\/\/linitiative.ca\/International\/israeliens-et-palestiniens-saluent-la-treve-mais-redoutent-de-nouvelles-violences\/"},"modified":"2019-05-06T14:50:02","modified_gmt":"2019-05-06T18:50:02","slug":"israeliens-et-palestiniens-saluent-la-treve-mais-redoutent-de-nouvelles-violences","status":"publish","type":"post","link":"https:\/\/linitiative.ca\/International\/israeliens-et-palestiniens-saluent-la-treve-mais-redoutent-de-nouvelles-violences\/","title":{"rendered":"Isra\u00e9liens et Palestiniens saluent la tr\u00eave mais redoutent de nouvelles violences"},"content":{"rendered":"<p>Apr\u00e8s un week-end de tirs meurtriers de roquettes palestiniennes sur la ville isra\u00e9lienne d\u2019Ashkelon, le bunker souterrain o\u00f9 les responsables surveillaient sur \u00e9crans la trajectoire des projectiles en provenance de la bande de Gaza est rendu au silence.<\/p>\n<p>Les Palestiniens ont annonc\u00e9 un cessez-le-feu lundi avec Isra\u00ebl, et, de la tension de ces deux jours d\u2019hostilit\u00e9s ne subsistent sur les tables dans le bunker que des restes de sandwiches et des tasses remplies \u00e0 moiti\u00e9 de caf\u00e9 froid.<\/p>\n<p>En revanche, en face de l\u2019h\u00f4tel de ville, le parking d\u2019un centre commercial est plein \u00e0 craquer. Les habitants ont repris le cours de leur vie.<\/p>\n<p>Mais ici, comme dans la bande de Gaza dont la fronti\u00e8re ne se trouve qu\u2019\u00e0 quatre kilom\u00e8tres des limites d\u2019Ashkelon s\u2019exprime beaucoup de frustration devant la r\u00e9currence des flamb\u00e9es de violence, et la crainte qu\u2019en l\u2019absence de solution \u00e0 long terme le sang ne coule \u00e0 nouveau.<\/p>\n<p>La ville du sud d\u2019Isra\u00ebl a essuy\u00e9 un certain nombre des centaines de roquettes tir\u00e9es samedi et dimanche sur Isra\u00ebl par les groupes arm\u00e9s dans la bande de Gaza. En repr\u00e9sailles, l\u2019arm\u00e9e isra\u00e9lienne a frapp\u00e9 des centaines de cibles du Hamas, le mouvement islamiste au pouvoir \u00e0 Gaza, et du Jihad islamique, son alli\u00e9 et autre ennemi jur\u00e9 d\u2019Isra\u00ebl.<\/p>\n<p>Quatre civils isra\u00e9liens et 25 Palestiniens, combattants et civils, ont \u00e9t\u00e9 tu\u00e9s dans cette \u00e9ni\u00e8me pouss\u00e9e de fi\u00e8vre qui a r\u00e9veill\u00e9 le spectre d\u2019une nouvelle guerre, qui serait la quatri\u00e8me depuis 2008.<\/p>\n<p>Nissim Dadon, un habitant de Sderot, ville isra\u00e9lienne proche d\u2019Ashkelon et de Gaza, accuse le gouvernement isra\u00e9lien d\u2019\u00eatre trop mou face au Hamas.<\/p>\n<p>\u00ab\u00a0On est trop gentil, trop faible, avec eux\u00a0\u00bb, dit-il \u00e0 l\u2019AFP. \u00ab\u00a0On devrait donner un bon coup de balai, bien ferme et sans piti\u00e9, et en finir une bonne fois pour toutes\u00a0\u00bb.<\/p>\n<p>\u2013 \u00ab\u00a0Nous voulons la paix\u00a0\u00bb \u2013<\/p>\n<p>Amir Plut, un autre habitant de Sderot, est d\u2019un autre avis. \u00ab\u00a0Nous ne voulons pas la guerre, tout le monde a tout \u00e0 y perdre. Nous voulons la paix, nous voulons la paix avec les Arabes, qui sont des \u00eatres humains comme nous\u00a0\u00bb.<\/p>\n<p>Dans la ville de Gaza, \u00e0 quelques kilom\u00e8tres \u00e0 vol d\u2019oiseau et pourtant dans un monde tellement \u00e9loign\u00e9 en apparence, la tr\u00eave est la bienvenue. Elle co\u00efncide avec le d\u00e9but du ramadan, le mois sacr\u00e9 du je\u00fbne, p\u00e9riode importante du calendrier musulman.<\/p>\n<p><ins data-revive-zoneid=\"9\" data-revive-id=\"10111e19d28d19d031742ee3b0b33eb0\"\/> <\/p>\n<p>\u00ab\u00a0Nous sommes contents de cette tr\u00eave, mais nous voulons la paix et le calme pendant tout le mois de ramadan\u00a0\u00bb, dit Rami Abou Azzam, 30 ans.<\/p>\n<p>\u00ab\u00a0Ce matin, j\u2019ai couru au march\u00e9 de bonne heure pour acheter tout ce qu\u2019il faut pour le ramadan, de peur que les frappes (isra\u00e9liennes) ne reprennent. On n\u2019avait rien achet\u00e9 pendant trois jours avant le d\u00e9but du je\u00fbne\u00a0\u00bb.<\/p>\n<p>Comme toutes les localit\u00e9s isra\u00e9liennes riveraines de l\u2019enclave palestinienne, Ashkelon, ville de 150.000 habitants sur la M\u00e9diterran\u00e9e, est aux avant-postes des confrontations. Sur les quatre civils isra\u00e9liens tu\u00e9s dimanche, deux l\u2019ont \u00e9t\u00e9 \u00e0 Ashkelon, un troisi\u00e8me dans les environs.<\/p>\n<p>\u2013 \u00ab\u00a0Far West\u00a0\u00bb \u2013<\/p>\n<p>Ashkelon a essuy\u00e9 sa premi\u00e8re roquette tir\u00e9e de Gaza en 2006, un an apr\u00e8s le retrait unilat\u00e9ral isra\u00e9lien de l\u2019enclave palestinienne, se rappelle le chef de la s\u00e9curit\u00e9 et des services d\u2019urgence municipaux, Yossi Greenfeld.<\/p>\n<p>Depuis que le Hamas a pris le pouvoir par la force \u00e0 Gaza en 2007, les tirs se sont intensifi\u00e9s, dit-il \u00e0 l\u2019AFP, et aujourd\u2019hui, \u00ab\u00a0les gens d\u2019ici doivent vivre avec la possibilit\u00e9 d\u2019un tir de roquette\u00a0\u00bb.<\/p>\n<p>Sorti du bunker s\u00e9curis\u00e9 non seulement contre les tirs de missiles, mais aussi les armes chimiques et les radiations, M. Greenfeld montre du doigt un trou rebouch\u00e9 sur la route, l\u2019impact d\u2019un missile.<\/p>\n<p>\u00ab\u00a0On en voit beaucoup comme \u00e7a en ville\u00a0\u00bb, dit-il avant de d\u00e9signer les murs de b\u00e2timents environnants, cribl\u00e9s d\u2019\u00e9clats.<\/p>\n<p>\u00ab\u00a0C\u2019est comme dans une ville du Far West, il faut savoir survivre\u00a0\u00bb.<\/p>\n<p>Pr\u00e9occupation partag\u00e9e \u00e0 Gaza. \u00ab\u00a0Il y a de nombreux morts et bless\u00e9s, des dizaines de maisons d\u00e9truites. Comment les gens vont-ils passer le ramadan?\u00a0\u00bb, demande Wafa Abou Sayf, 20 ans, du camp de r\u00e9fugi\u00e9s de Jabaliya, dans le nord de l\u2019enclave.<\/p>\n<p>Auteur: AFP<br \/>\n<a href=\"https:\/\/www.journalducameroun.com\/fr\/israeliens-et-palestiniens-saluent-la-treve-mais-redoutent-de-nouvelles-violences\/\">Cliquez ici pour lire l&rsquo;article depuis sa source.<\/a><\/p>\n","protected":false},"excerpt":{"rendered":"<p>Apr\u00e8s un week-end de tirs meurtriers de roquettes palestiniennes sur la ville isra\u00e9lienne d\u2019Ashkelon, le bunker souterrain o\u00f9 les responsables surveillaient sur \u00e9crans la trajectoire des projectiles en provenance de la bande de Gaza est rendu au silence. Les Palestiniens ont annonc\u00e9 un cessez-le-feu lundi avec Isra\u00ebl, et, de la tension de ces deux jours [&hellip;]<\/p>\n","protected":false},"author":1965,"featured_media":0,"comment_status":"closed","ping_status":"closed","sticky":false,"template":"","format":"standard","meta":{"fifu_image_url":"","fifu_image_alt":"","footnotes":""},"categories":[73,82],"tags":[],"class_list":["post-32650","post","type-post","status-publish","format-standard","hentry","category-actualite","category-cameroun"],"_links":{"self":[{"href":"https:\/\/linitiative.ca\/International\/wp-json\/wp\/v2\/posts\/32650","targetHints":{"allow":["GET"]}}],"collection":[{"href":"https:\/\/linitiative.ca\/International\/wp-json\/wp\/v2\/posts"}],"about":[{"href":"https:\/\/linitiative.ca\/International\/wp-json\/wp\/v2\/types\/post"}],"author":[{"embeddable":true,"href":"https:\/\/linitiative.ca\/International\/wp-json\/wp\/v2\/users\/1965"}],"replies":[{"embeddable":true,"href":"https:\/\/linitiative.ca\/International\/wp-json\/wp\/v2\/comments?post=32650"}],"version-history":[{"count":0,"href":"https:\/\/linitiative.ca\/International\/wp-json\/wp\/v2\/posts\/32650\/revisions"}],"wp:attachment":[{"href":"https:\/\/linitiative.ca\/International\/wp-json\/wp\/v2\/media?parent=32650"}],"wp:term":[{"taxonomy":"category","embeddable":true,"href":"https:\/\/linitiative.ca\/International\/wp-json\/wp\/v2\/categories?post=32650"},{"taxonomy":"post_tag","embeddable":true,"href":"https:\/\/linitiative.ca\/International\/wp-json\/wp\/v2\/tags?post=32650"}],"curies":[{"name":"wp","href":"https:\/\/api.w.org\/{rel}","templated":true}]}}