{"id":32675,"date":"2019-05-06T04:32:12","date_gmt":"2019-05-06T08:32:12","guid":{"rendered":"https:\/\/linitiative.ca\/International\/population-agriculture-et-elevage-les-recensements-generaux-attendus-depuis-quatre-ans\/"},"modified":"2019-05-06T04:32:12","modified_gmt":"2019-05-06T08:32:12","slug":"population-agriculture-et-elevage-les-recensements-generaux-attendus-depuis-quatre-ans","status":"publish","type":"post","link":"https:\/\/linitiative.ca\/International\/population-agriculture-et-elevage-les-recensements-generaux-attendus-depuis-quatre-ans\/","title":{"rendered":"Population, agriculture et \u00e9levage : les recensements g\u00e9n\u00e9raux attendus depuis quatre ans"},"content":{"rendered":"<p>Le pr\u00e9sident de la R\u00e9publique, <strong>Paul Biya<\/strong>, a instruit depuis le 29 juin 2015, un recensement g\u00e9n\u00e9ral de l\u2019agriculture et de l\u2019\u00e9levage (<strong>Regae<\/strong>) dans l\u2019optique de mettre sur pied une base de donn\u00e9es fiable sur ces deux secteurs qui repr\u00e9sentent \u00e0 eux seuls <strong>41%<\/strong> du Pib du Cameroun, <strong>40% des recettes<\/strong> d\u2019exportation et emploient environ <strong>80% de la population<\/strong> active. Pr\u00e8s de quatre ans apr\u00e8s, l\u2019op\u00e9ration n\u2019a toujours pas d\u00e9but\u00e9. M\u00eame les modules th\u00e9matiques, qui devaient \u00eatre r\u00e9alis\u00e9s sur la p\u00e9riode d\u00e9cembre 2018-janvier 2019, et qui pr\u00e9voyaient des enqu\u00eates dans toutes les exploitations aquacoles identifi\u00e9es et les \u00e9chantillons repr\u00e9sentatifs des zones de concentrations des troupeaux en transhumance, ne sont visiblement pas pr\u00eats de commencer. Le coordonnateur national de cette op\u00e9ration<strong>, Laurent Manga Bela<\/strong>, qui est par ailleurs directeur des enqu\u00eates et des statistiques agricoles au minist\u00e8re de l\u2019Agriculture et du D\u00e9veloppement rural (<strong>Minader<\/strong>), a r\u00e9v\u00e9l\u00e9 au cours d\u2019une session du comit\u00e9 technique du Regae, un probl\u00e8me de financements.<\/p>\n<hr\/>\n<h4><strong>>> Lire aussi \u2013 <a title=\"Elevage\/P\u00eache : des centaines de milliards mobilis\u00e9s pour des r\u00e9sultats mitig\u00e9s\" href=\"https:\/\/ecomatin.net\/elevage-peche-des-centaines-de-milliards-mobilises-pour-des-resultats-mitiges\/\" target=\"_blank\" rel=\"noopener noreferrer\">Elevage\/P\u00eache : des centaines de milliards mobilis\u00e9s pour des r\u00e9sultats mitig\u00e9s<\/a><br \/><\/strong><\/h4>\n<hr\/>\n<p>Le comit\u00e9 avait en effet arr\u00eat\u00e9 un budget initial de <strong>23 milliards Fcfa<\/strong> pour ce recensement. Mais, du fait des contraintes budg\u00e9taires, le gouvernement avait r\u00e9duit presque de moiti\u00e9 l\u2019enveloppe, soit <strong>12 milliards Fcfa<\/strong> qu\u2019il n\u2019arrive pas \u00e0 mobiliser depuis quatre ans. Seuls <strong>6 milliards Fcfa<\/strong> sont disponibles \u00e0 ce jour, et les autorit\u00e9s se tournent depuis vers les bailleurs de fonds que sont l\u2019<strong>Union europ\u00e9enne<\/strong>, la Banque africaine de d\u00e9veloppement (<strong>Bad<\/strong>) et le Fonds international de d\u00e9veloppement agricole (<strong>Fida<\/strong>), pour obtenir le reste des financements. Sans succ\u00e8s.<\/p>\n<hr\/>\n<h4><strong>>> Lire aussi \u2013 <a title=\"O\u00f9 est pass\u00e9 le recensement de la population ?\" href=\"https:\/\/ecomatin.net\/ou-est-passe-le-recensement-de-la-population\/\" target=\"_blank\" rel=\"noopener noreferrer\">O\u00f9 est pass\u00e9 le recensement de la population ?<\/a><br \/><\/strong><\/h4>\n<hr\/>\n<p>Autre op\u00e9ration d\u2019envergure depuis aux oubliettes, c\u2019est le 4<sup>\u00e8me<\/sup> Recensement g\u00e9n\u00e9ral de la population et de l\u2019habitat (<strong>Rgph<\/strong>), \u00e9galement instruit par d\u00e9cret pr\u00e9sidentiel le 15 septembre 2015. Comme annonc\u00e9 par Paul Biya, celui-ci devait d\u00e9marrer au premier trimestre 2016. Objectif, \u00ab <em>rendre disponibles les donn\u00e9es n\u00e9cessaires \u00e0 la planification du d\u00e9veloppement et \u00e0 la prise en compte du dividende d\u00e9mographique dans l\u2019\u00e9laboration des politiques permettant l\u2019\u00e9volution du Cameroun vers l\u2019\u00e9mergence<\/em> \u00bb, ainsi que le dispose l\u2019article 3 du d\u00e9cret du 15 septembre 2015. A ce jour, le budget de cette op\u00e9ration n\u2019est pas connu officiellement. Il tournerait toutefois autour de <strong>25 milliards Fcfa<\/strong>, selon des sources proches du comit\u00e9 technique. Le dernier recensement g\u00e9n\u00e9ral de la population et de l\u2019habitat au Cameroun remonte \u00e0 2005, et ses r\u00e9sultats avaient \u00e9t\u00e9 publi\u00e9s en 2009 du fait, avait expliqu\u00e9 le gouvernement, de difficult\u00e9s budg\u00e9taires. Il avait co\u00fbt\u00e9 <strong>8 milliards Fcfa<\/strong>. Pour l\u2019op\u00e9ration attendue, plusieurs innovations ont \u00e9t\u00e9 introduites pour en am\u00e9liorer la qualit\u00e9. Notamment, l\u2019utilisation des tablettes num\u00e9riques pour la collecte des donn\u00e9es. Ces appareils devraient co\u00fbter \u00e0 eux seuls quelques <strong>8,2 milliards Fcfa<\/strong> pour les <strong>33000 agents<\/strong> recenseurs d\u00e9j\u00e0 recrut\u00e9s. En C\u00f4te d\u2019Ivoire, le dernier pointage qui date de 2014 fait \u00e9tat d\u2019une population de 23 millions d\u2019habitants.<\/p>\n<hr\/>\n<h4><strong>>> Lire aussi \u2013 <a title=\"D\u00e9veloppement: ce dividende d\u00e9mographique qui hypoth\u00e8que l\u2019\u00e9mergence\" href=\"https:\/\/ecomatin.net\/developpement-ce-dividende-demographique-qui-hypotheque-lemergence\/\" target=\"_blank\" rel=\"noopener noreferrer\">D\u00e9veloppement: ce dividende d\u00e9mographique qui hypoth\u00e8que l\u2019\u00e9mergence<\/a><br \/><\/strong><\/h4>\n<hr\/>\n<p>Selon les Nations unies, chaque pays doit proc\u00e9der \u00e0 un recensement g\u00e9n\u00e9ral de sa population une fois au moins tous les 10 ans. Le dernier au Cameroun devait donc avoir \u00e9t\u00e9 fait depuis 2015.<\/p>\n<div class=\"awac-wrapper awac widget blog_subscription-2\">\n<h4 class=\"widget-title\">Abonnez-vous \u00e0 notre lettre d&rsquo;information<\/h4>\n<\/div>\n<p>Auteur: nassere1234<br \/>\n<a href=\"https:\/\/ecomatin.net\/population-agriculture-et-elevage-les-recensements-generaux-attendus-depuis-quatre-ans\/\">Cliquez ici pour lire l&rsquo;article depuis sa source.<\/a><\/p>\n","protected":false},"excerpt":{"rendered":"<p>Le pr\u00e9sident de la R\u00e9publique, Paul Biya, a instruit depuis le 29 juin 2015, un recensement g\u00e9n\u00e9ral de l\u2019agriculture et de l\u2019\u00e9levage (Regae) dans l\u2019optique de mettre sur pied une base de donn\u00e9es fiable sur ces deux secteurs qui repr\u00e9sentent \u00e0 eux seuls 41% du Pib du Cameroun, 40% des recettes d\u2019exportation et emploient environ [&hellip;]<\/p>\n","protected":false},"author":1969,"featured_media":0,"comment_status":"closed","ping_status":"closed","sticky":false,"template":"","format":"standard","meta":{"fifu_image_url":"","fifu_image_alt":"","footnotes":""},"categories":[82,78],"tags":[],"class_list":["post-32675","post","type-post","status-publish","format-standard","hentry","category-cameroun","category-economie"],"_links":{"self":[{"href":"https:\/\/linitiative.ca\/International\/wp-json\/wp\/v2\/posts\/32675","targetHints":{"allow":["GET"]}}],"collection":[{"href":"https:\/\/linitiative.ca\/International\/wp-json\/wp\/v2\/posts"}],"about":[{"href":"https:\/\/linitiative.ca\/International\/wp-json\/wp\/v2\/types\/post"}],"author":[{"embeddable":true,"href":"https:\/\/linitiative.ca\/International\/wp-json\/wp\/v2\/users\/1969"}],"replies":[{"embeddable":true,"href":"https:\/\/linitiative.ca\/International\/wp-json\/wp\/v2\/comments?post=32675"}],"version-history":[{"count":0,"href":"https:\/\/linitiative.ca\/International\/wp-json\/wp\/v2\/posts\/32675\/revisions"}],"wp:attachment":[{"href":"https:\/\/linitiative.ca\/International\/wp-json\/wp\/v2\/media?parent=32675"}],"wp:term":[{"taxonomy":"category","embeddable":true,"href":"https:\/\/linitiative.ca\/International\/wp-json\/wp\/v2\/categories?post=32675"},{"taxonomy":"post_tag","embeddable":true,"href":"https:\/\/linitiative.ca\/International\/wp-json\/wp\/v2\/tags?post=32675"}],"curies":[{"name":"wp","href":"https:\/\/api.w.org\/{rel}","templated":true}]}}