{"id":32676,"date":"2019-05-06T12:13:01","date_gmt":"2019-05-06T16:13:01","guid":{"rendered":"https:\/\/linitiative.ca\/International\/affaire-nextell-le-vietnam-menace-de-saisir-la-justice-internationale\/"},"modified":"2019-05-06T12:13:01","modified_gmt":"2019-05-06T16:13:01","slug":"affaire-nextell-le-vietnam-menace-de-saisir-la-justice-internationale","status":"publish","type":"post","link":"https:\/\/linitiative.ca\/International\/affaire-nextell-le-vietnam-menace-de-saisir-la-justice-internationale\/","title":{"rendered":"Affaire Nextell: le Vietnam menace de saisir la justice internationale"},"content":{"rendered":"<p class=\"yiv1432742048ydpa558817dMsoNormal\">Sans \u00e9carter le recours \u00e0 la justice internationale. Le Vietnam actionne encore la voie diplomatique pour trouver des solutions appropri\u00e9es au conflit qui oppose <strong>Viettel Cameroun S.A<\/strong>, op\u00e9rateur du r\u00e9seau de t\u00e9l\u00e9phonie mobile <strong>Nextell<\/strong>, \u00e0 l\u2019homme d\u2019affaires Camerounais <strong>Baba Danpullo et Bestcam<\/strong>, le partenaire camerounais de l\u2019entreprise commune Viettel Cameroun. En effet, les vietnamiens,\u00a0\u00a0bien qu\u2019\u00e9tant actionnaires majoritaires avec 70% du capital-actions accusent leur partenaire Camerounais d\u2019avoir pris des mesures jug\u00e9es ill\u00e9gales, les emp\u00eachant de travailler dans les bureaux de la co-entreprise commune de Viettel au Cameroun depuis le\u00a0mois de novembre 2018.<\/p>\n<p class=\"yiv1432742048ydpa558817dMsoNormal\">Ce conflit a donc \u00e9t\u00e9 port\u00e9 sur la table du Premier ministre Camerounais, <strong>Joseph Dion Ngute<\/strong> par l\u2019envoy\u00e9 sp\u00e9cial du Premier ministre vietnamien, <strong>Nguyen Quoc Cuong<\/strong>, vice-ministre des Affaires \u00e9trang\u00e8res de ce pays en visite au Cameroun. L\u2019h\u00f4te du Premier ministre camerounais \u00e9tait porteur d\u2019une lettre du Premier ministre vietnamien, <strong>Nguyen Xuan Phuc<\/strong>, destin\u00e9e \u00e0 son homologue camerounais. Et, la question de Nextell est, rappelle-t-on, le point le plus important du programme de l\u2019envoy\u00e9 sp\u00e9cial du PM vietnamien au Cameroun.<\/p>\n<p><strong>La Carotte et le b\u00e2ton<\/strong><\/p>\n<p class=\"yiv1432742048ydpa558817dMsoNormal\">En fait, Nextell n\u2019est qu\u2019un des quatre projets d\u2019investissement direct des entreprises vietnamiennes, repr\u00e9sentant plus d\u2019un milliard de dollars au Cameroun. Et la mise \u00e0 mal de leurs investissements dans la t\u00e9l\u00e9phonie mobile \u00e0 travers Nextell S.A pr\u00e9occupe le gouvernement vietnamien. Car explique-t-on, la r\u00e9solution des difficult\u00e9s de Nextell aidera \u00e0 ne pas ralentir les autres entreprises vietnamiennes qui souhaitent\u00a0\u00a0\u00e9largir leur coop\u00e9ration au Cameroun dans d\u2019autres domaines tels que l\u2019hydro\u00e9lectricit\u00e9, l\u2019h\u00f4tellerie, le ciment, l\u2019agriculture, la transformation alimentaire, etc.<\/p>\n<p class=\"yiv1432742048ydpa558817dMsoNormal\">Le r\u00e8glement pacifique de l\u2019affaire Viettel semble donc conditionner la poursuite des autres investissements vietnamiens au Cameroun. Car, le gouvernement vietnamien tient \u00e0 la protection de ses investissements au Cameroun. L\u2019envoy\u00e9 sp\u00e9cial Vietnamien a d\u2019ailleurs fort opportun\u00e9ment affirm\u00e9 que \u00ab\u00a0<em>le gouvernement vietnamien est responsable de la protection des entreprises vietnamiennes \u00e0 l\u2019\u00e9tranger, y compris de l\u2019investissement de Viettel\u00a0\u00a0au Cameroun dont le montant est \u00e9valu\u00e9 \u00e0 210 milliards de FCFA<\/em>\u00bb. Il a par cons\u00e9quent \u00ab\u00a0<em>appel\u00e9 le gouvernement camerounais \u00e0 exprimer les points et actions de protection des investissements \u00e9trangers de Viettel Global, conform\u00e9ment \u00e0 la l\u00e9gislation et aux accords bilat\u00e9raux sign\u00e9s par le Cameroun et aux engagements internationaux de chaque partie\u00a0<\/em>\u00bb.<\/p>\n<div class=\"rpbt_shortcode\">\n<h3>Voir aussi :<\/h3>\n<\/div>\n<div class=\"awac-wrapper awac widget blog_subscription-2\">\n<h4 class=\"widget-title\">Abonnez-vous \u00e0 notre lettre d&rsquo;information<\/h4>\n<\/div>\n<p>Auteur: Emile FIDIECK<br \/>\n<a href=\"https:\/\/ecomatin.net\/affaire-nextell-le-vietnam-menace-de-saisir-la-justice-internationale\/\">Cliquez ici pour lire l&rsquo;article depuis sa source.<\/a><\/p>\n","protected":false},"excerpt":{"rendered":"<p>Sans \u00e9carter le recours \u00e0 la justice internationale. Le Vietnam actionne encore la voie diplomatique pour trouver des solutions appropri\u00e9es au conflit qui oppose Viettel Cameroun S.A, op\u00e9rateur du r\u00e9seau de t\u00e9l\u00e9phonie mobile Nextell, \u00e0 l\u2019homme d\u2019affaires Camerounais Baba Danpullo et Bestcam, le partenaire camerounais de l\u2019entreprise commune Viettel Cameroun. En effet, les vietnamiens,\u00a0\u00a0bien qu\u2019\u00e9tant [&hellip;]<\/p>\n","protected":false},"author":1969,"featured_media":0,"comment_status":"closed","ping_status":"closed","sticky":false,"template":"","format":"standard","meta":{"fifu_image_url":"","fifu_image_alt":"","footnotes":""},"categories":[82,78],"tags":[],"class_list":["post-32676","post","type-post","status-publish","format-standard","hentry","category-cameroun","category-economie"],"_links":{"self":[{"href":"https:\/\/linitiative.ca\/International\/wp-json\/wp\/v2\/posts\/32676","targetHints":{"allow":["GET"]}}],"collection":[{"href":"https:\/\/linitiative.ca\/International\/wp-json\/wp\/v2\/posts"}],"about":[{"href":"https:\/\/linitiative.ca\/International\/wp-json\/wp\/v2\/types\/post"}],"author":[{"embeddable":true,"href":"https:\/\/linitiative.ca\/International\/wp-json\/wp\/v2\/users\/1969"}],"replies":[{"embeddable":true,"href":"https:\/\/linitiative.ca\/International\/wp-json\/wp\/v2\/comments?post=32676"}],"version-history":[{"count":0,"href":"https:\/\/linitiative.ca\/International\/wp-json\/wp\/v2\/posts\/32676\/revisions"}],"wp:attachment":[{"href":"https:\/\/linitiative.ca\/International\/wp-json\/wp\/v2\/media?parent=32676"}],"wp:term":[{"taxonomy":"category","embeddable":true,"href":"https:\/\/linitiative.ca\/International\/wp-json\/wp\/v2\/categories?post=32676"},{"taxonomy":"post_tag","embeddable":true,"href":"https:\/\/linitiative.ca\/International\/wp-json\/wp\/v2\/tags?post=32676"}],"curies":[{"name":"wp","href":"https:\/\/api.w.org\/{rel}","templated":true}]}}