{"id":32679,"date":"2019-05-06T13:20:35","date_gmt":"2019-05-06T17:20:35","guid":{"rendered":"https:\/\/linitiative.ca\/International\/crise-noso-atanga-nji-soupconne-lonu-de-detourner-laide-humanitaire\/"},"modified":"2019-05-06T13:20:35","modified_gmt":"2019-05-06T17:20:35","slug":"crise-noso-atanga-nji-soupconne-lonu-de-detourner-laide-humanitaire","status":"publish","type":"post","link":"https:\/\/linitiative.ca\/International\/crise-noso-atanga-nji-soupconne-lonu-de-detourner-laide-humanitaire\/","title":{"rendered":"Crise NOSO: Atanga Nji soup\u00e7onne l\u2019ONU de d\u00e9tourner l\u2019aide humanitaire"},"content":{"rendered":"<p>Le ministre camerounais de l\u2019Administration territoriale (Minat), a tenu r\u00e9cemment\u00a0 \u00e0 Yaound\u00e9 une r\u00e9union de concertation avec le <strong>Syst\u00e8me des Nations unies au Cameroun<\/strong>\u00a0 \u00e0 l\u2019effet d\u2019\u00e9valuer l\u2019aide humanitaire achemin\u00e9e dans les r\u00e9gions du <strong>Nord-Ouest (NO) et du Sud-Ouest (SO)<\/strong>. L\u2019institution \u00e9tait repr\u00e9sent\u00e9e par <strong>Allegra Mania Del Baiocchi<\/strong>, coordonnatrice du Syst\u00e8me des Nations-Unies au Cameroun. Paul Atanga Nji a profit\u00e9 de la circonstance pour exprimer son angoisse dans la gestion de l\u2019aide humanitaire destin\u00e9e aux populations victimes de la crise s\u00e9curitaire.<\/p>\n<p>En effet, ces derniers temps, le Minat a re\u00e7u des rapports provenant des autorit\u00e9s administratives des r\u00e9gions du NO et du SO, sur la gestion de l\u2019aide humanitaire. De ces analyses, il en ressort que les quantit\u00e9s annonc\u00e9es au d\u00e9part ne co\u00efncident pas toujours \u00e0 celles distribu\u00e9es aux populations. \u00ab\u00a0<em>Nous avons les m\u00eames probl\u00e8mes tous les jours. Les pr\u00e9fets et les sous-pr\u00e9fets nous appellent pour dire\u00a0: vraiment, on dit qu\u2019il avait cinq camions de denr\u00e9es, nous n\u2019avons pas vu les camions. Est-ce que ces choses ont \u00e9t\u00e9 distribu\u00e9es aux fant\u00f4mes\u00a0? Nous ne savons pas<\/em>\u00a0\u00bb, a-t-il martel\u00e9 \u00e0 Allegra Mania Del Baiocchi. Paul AtangaNji a ajout\u00e9 que \u00ab\u00a0<em>le Syst\u00e8me des Nations-Unies travaille avec des Ongs s\u00e9rieuses. Mais d\u2019autres ne sont pas s\u00e9rieuses, et nous assistons \u00e0 des d\u00e9tournements de dons\u00a0<\/em>\u00bb.<\/p>\n<p><strong>Vers la mise en place des relais locaux<\/strong><\/p>\n<p>Pour corriger ces manquements, le\u00a0 patron de l\u2019administration territoriale\u00a0 a propos\u00e9 \u00e0 la coordonnatrice du Syst\u00e8me des Nations-Unies au Cameroun de mettre sur pied des relais locaux qui veilleront \u00e0 la r\u00e9gularit\u00e9 des op\u00e9rations de distribution de l\u2019aide. Il s\u2019agira selon le Minat, de cr\u00e9er des comit\u00e9s, des relais locaux qui s\u2019assurent de la transparence, et surtout de la tra\u00e7abilit\u00e9 des op\u00e9rations. \u00ab\u00a0<em>Si par exemple le Programme alimentaire mondiale (PAM) devait aller donner de l\u2019aide \u00e0 Kumba, \u00e0 partir d\u2019aujourd\u2019hui, on va d\u2019abord constater ces dons sur place. s\u2019il y a 10 camions qui vont charger, que ce soient les denr\u00e9es alimentaires, la protection civile va d\u2019abord constater qu\u2019effectivement ces dons ont \u00e9t\u00e9 charg\u00e9s dans un camion, et qu\u2019ils sont \u00e0 destination de Buea, Kumba, Mamf\u00e9\u00a0<\/em>\u00bb.<\/p>\n<p>Le constat sera \u00e9galement fait sur le terrain par les autorit\u00e9s administratives. \u00ab\u00a0<em>Arriv\u00e9s sur place, d\u00e8s lors que les sous-pr\u00e9fets et pr\u00e9fets, ou les gouverneurs ont \u00e9galement fait le constat effectif de l\u2019arriv\u00e9e de ces dons, en ce moment le syst\u00e8me peut travailler avec ses agents sur place et les relais locaux que sont les ONG<\/em>\u00a0\u00bb, a expliqu\u00e9 le Minat.<\/p>\n<div class=\"awac-wrapper awac widget blog_subscription-2\">\n<h4 class=\"widget-title\">Abonnez-vous \u00e0 notre lettre d&rsquo;information<\/h4>\n<\/div>\n<p>Auteur: Emile FIDIECK<br \/>\n<a href=\"https:\/\/ecomatin.net\/crise-noso-atanga-nji-soupconne-lonu-de-detourner-laide-humanitaire\/\">Cliquez ici pour lire l&rsquo;article depuis sa source.<\/a><\/p>\n","protected":false},"excerpt":{"rendered":"<p>Le ministre camerounais de l\u2019Administration territoriale (Minat), a tenu r\u00e9cemment\u00a0 \u00e0 Yaound\u00e9 une r\u00e9union de concertation avec le Syst\u00e8me des Nations unies au Cameroun\u00a0 \u00e0 l\u2019effet d\u2019\u00e9valuer l\u2019aide humanitaire achemin\u00e9e dans les r\u00e9gions du Nord-Ouest (NO) et du Sud-Ouest (SO). L\u2019institution \u00e9tait repr\u00e9sent\u00e9e par Allegra Mania Del Baiocchi, coordonnatrice du Syst\u00e8me des Nations-Unies au Cameroun. [&hellip;]<\/p>\n","protected":false},"author":1969,"featured_media":0,"comment_status":"closed","ping_status":"closed","sticky":false,"template":"","format":"standard","meta":{"fifu_image_url":"","fifu_image_alt":"","footnotes":""},"categories":[82,78],"tags":[],"class_list":["post-32679","post","type-post","status-publish","format-standard","hentry","category-cameroun","category-economie"],"_links":{"self":[{"href":"https:\/\/linitiative.ca\/International\/wp-json\/wp\/v2\/posts\/32679","targetHints":{"allow":["GET"]}}],"collection":[{"href":"https:\/\/linitiative.ca\/International\/wp-json\/wp\/v2\/posts"}],"about":[{"href":"https:\/\/linitiative.ca\/International\/wp-json\/wp\/v2\/types\/post"}],"author":[{"embeddable":true,"href":"https:\/\/linitiative.ca\/International\/wp-json\/wp\/v2\/users\/1969"}],"replies":[{"embeddable":true,"href":"https:\/\/linitiative.ca\/International\/wp-json\/wp\/v2\/comments?post=32679"}],"version-history":[{"count":0,"href":"https:\/\/linitiative.ca\/International\/wp-json\/wp\/v2\/posts\/32679\/revisions"}],"wp:attachment":[{"href":"https:\/\/linitiative.ca\/International\/wp-json\/wp\/v2\/media?parent=32679"}],"wp:term":[{"taxonomy":"category","embeddable":true,"href":"https:\/\/linitiative.ca\/International\/wp-json\/wp\/v2\/categories?post=32679"},{"taxonomy":"post_tag","embeddable":true,"href":"https:\/\/linitiative.ca\/International\/wp-json\/wp\/v2\/tags?post=32679"}],"curies":[{"name":"wp","href":"https:\/\/api.w.org\/{rel}","templated":true}]}}