{"id":32680,"date":"2019-05-06T13:57:52","date_gmt":"2019-05-06T17:57:52","guid":{"rendered":"https:\/\/linitiative.ca\/International\/fete-du-travail-2019-ce-que-louis-paul-motaze-a-promis-a-ses-collaborateurs\/"},"modified":"2019-05-06T13:57:52","modified_gmt":"2019-05-06T17:57:52","slug":"fete-du-travail-2019-ce-que-louis-paul-motaze-a-promis-a-ses-collaborateurs","status":"publish","type":"post","link":"https:\/\/linitiative.ca\/International\/fete-du-travail-2019-ce-que-louis-paul-motaze-a-promis-a-ses-collaborateurs\/","title":{"rendered":"F\u00eate du travail 2019\u00a0: ce que Louis Paul Motaze a promis \u00e0 ses collaborateurs"},"content":{"rendered":"<div class=\"featured-area featured-area-inner\"><img loading=\"lazy\" decoding=\"async\" width=\"670\" height=\"405\" src=\"https:\/\/i0.wp.com\/ecomatin.net\/wp-content\/uploads\/2019\/05\/ecomatin.net-fete-du-travail-2019-ce-que-louis-paul-motaze-a-promis-a-ses-collaborateurs-louis-paul-motaze.jpg?resize=670%2C405&#038;ssl=1&#038;is-pending-load=1\" class=\"attachment-jannah-image-post size-jannah-image-post wp-post-image jetpack-lazy-image\" alt=\"\" data-attachment-id=\"7903\" data-permalink=\"https:\/\/ecomatin.net\/fete-du-travail-2019-ce-que-louis-paul-motaze-a-promis-a-ses-collaborateurs\/louis-paul-motaze-4\/\" data-orig-file=\"https:\/\/i0.wp.com\/ecomatin.net\/wp-content\/uploads\/2019\/05\/ecomatin.net-fete-du-travail-2019-ce-que-louis-paul-motaze-a-promis-a-ses-collaborateurs-louis-paul-motaze.jpg?fit=670%2C430&#038;ssl=1\" data-orig-size=\"670,430\" data-comments-opened=\"0\" data-image-meta=\"{\"aperture\":\"0\",\"credit\":\"\",\"camera\":\"\",\"caption\":\"\",\"created_timestamp\":\"0\",\"copyright\":\"\",\"focal_length\":\"0\",\"iso\":\"0\",\"shutter_speed\":\"0\",\"title\":\"\",\"orientation\":\"1\"}\" data-image-title=\"Louis-Paul-Motaze\" data-image-description=\"\" data-medium-file=\"https:\/\/i0.wp.com\/ecomatin.net\/wp-content\/uploads\/2019\/05\/ecomatin.net-fete-du-travail-2019-ce-que-louis-paul-motaze-a-promis-a-ses-collaborateurs-louis-paul-motaze.jpg?fit=300%2C193&#038;ssl=1\" data-large-file=\"https:\/\/i0.wp.com\/ecomatin.net\/wp-content\/uploads\/2019\/05\/ecomatin.net-fete-du-travail-2019-ce-que-louis-paul-motaze-a-promis-a-ses-collaborateurs-louis-paul-motaze.jpg?fit=670%2C430&#038;ssl=1\" srcset=\"data:image\/gif;base64,R0lGODlhAQABAIAAAAAAAP\/\/\/yH5BAEAAAAALAAAAAABAAEAAAIBRAA7\"\/><\/div>\n<div class=\"entry-content entry clearfix\" readability=\"61\">\n<p>Les personnels du minist\u00e8re des Finances n\u2019ont pas d\u00e9rog\u00e9 \u00e0 la r\u00e8gle. A l\u2019aube du 1<sup>er<\/sup>\u2013Mai, tous se sont drap\u00e9s sur leurs tenues pour c\u00e9l\u00e9brer la journ\u00e9e du travailleur. A cette occasion, <strong>Louis Paul Motaze<\/strong>, patron de ce d\u00e9partement minist\u00e9riel a saisi l\u2019occasion pour aborder les probl\u00e8mes de ses \u00e9quipes. Notamment la <strong>promiscuit\u00e9 dans les bureaux<\/strong>, tout comme une <em>\u00ab\u00a0revalorisation des primes des directions op\u00e9rationnelles<\/em>\u00a0\u00bb. En r\u00e9ponse, le Minfi annonce \u00a0le d\u00e9marrage de la <strong>construction du b\u00e2timent C<\/strong> qui viendra d\u00e9sengorger les bureaux. De quoi am\u00e9liorer le rendement des personnels de ce minist\u00e8re.<\/p>\n<p>Parlant de \u00ab\u00a0<em>Revalorisation des primes des directions op\u00e9rationnelles<\/em>\u00a0\u00bb, Louis Paul Motaze dit avoir pris note et promet un certain nombre d\u2019innovations, soit la <strong>poursuite des mouvements du personnel<\/strong>, la <strong>mutualisation des primes<\/strong> pour encourager les travailleurs.\u00a0 D\u2019ailleurs le Secr\u00e9taire g\u00e9n\u00e9ral devra se charger de <strong>la cr\u00e9ation\u00a0 d\u2019un groupe de travail<\/strong> afin de r\u00e9soudre ce probl\u00e8me de redistribution des primes.<\/p>\n<p>Le Minfi a \u00e9galement annonc\u00e9 la <strong>construction d\u2019un b\u00e2timent si\u00e8ge de la direction g\u00e9n\u00e9rale du Tr\u00e9sor<\/strong>. En revanche il invite le personnel \u00e0 plus de responsabilit\u00e9 en ce qui concerne les <strong>dossiers de paiement des usagers<\/strong> dont on ne retrouve aucune trace parfois. En bon maitre, il est abondamment revenu sur les fraudes et autres d\u00e9rives qui ont cours dans son d\u00e9partement minist\u00e9riel. Il a par exemple invit\u00e9 ses personnels \u00e0 arr\u00eater avec ces pratiques qui n\u2019honorent pas l\u2019administration des Finances.<\/p>\n<p>On note par exemple l\u2019arrestation courant avril 2019 de hauts-fonctionnaires du minist\u00e8re des Finances accus\u00e9s de falsifications de documents.<\/p>\n<p>Apr\u00e8s la phase de r\u00e9crimination, c\u2019est autour d\u2019un repas que la f\u00eate du travail s\u2019est cl\u00f4tur\u00e9e.<\/p>\n<div class=\"awac-wrapper awac widget blog_subscription-2\">\n<h4 class=\"widget-title\">Abonnez-vous \u00e0 notre lettre d&rsquo;information<\/h4>\n<\/div>\n<\/div>\n<div class=\"toggle-post-content clearfix\"><a id=\"toggle-post-button\" class=\"button\" href=\"#\">Afficher plus <\/a><\/div>\n<p>Auteur: Emile FIDIECK<br \/>\n<a href=\"https:\/\/ecomatin.net\/fete-du-travail-2019-ce-que-louis-paul-motaze-a-promis-a-ses-collaborateurs\/\">Cliquez ici pour lire l&rsquo;article depuis sa source.<\/a><\/p>\n","protected":false},"excerpt":{"rendered":"<p>Les personnels du minist\u00e8re des Finances n\u2019ont pas d\u00e9rog\u00e9 \u00e0 la r\u00e8gle. A l\u2019aube du 1er\u2013Mai, tous se sont drap\u00e9s sur leurs tenues pour c\u00e9l\u00e9brer la journ\u00e9e du travailleur. A cette occasion, Louis Paul Motaze, patron de ce d\u00e9partement minist\u00e9riel a saisi l\u2019occasion pour aborder les probl\u00e8mes de ses \u00e9quipes. Notamment la promiscuit\u00e9 dans les [&hellip;]<\/p>\n","protected":false},"author":1969,"featured_media":0,"comment_status":"closed","ping_status":"closed","sticky":false,"template":"","format":"standard","meta":{"fifu_image_url":"","fifu_image_alt":"","footnotes":""},"categories":[82,78],"tags":[],"class_list":["post-32680","post","type-post","status-publish","format-standard","hentry","category-cameroun","category-economie"],"_links":{"self":[{"href":"https:\/\/linitiative.ca\/International\/wp-json\/wp\/v2\/posts\/32680","targetHints":{"allow":["GET"]}}],"collection":[{"href":"https:\/\/linitiative.ca\/International\/wp-json\/wp\/v2\/posts"}],"about":[{"href":"https:\/\/linitiative.ca\/International\/wp-json\/wp\/v2\/types\/post"}],"author":[{"embeddable":true,"href":"https:\/\/linitiative.ca\/International\/wp-json\/wp\/v2\/users\/1969"}],"replies":[{"embeddable":true,"href":"https:\/\/linitiative.ca\/International\/wp-json\/wp\/v2\/comments?post=32680"}],"version-history":[{"count":0,"href":"https:\/\/linitiative.ca\/International\/wp-json\/wp\/v2\/posts\/32680\/revisions"}],"wp:attachment":[{"href":"https:\/\/linitiative.ca\/International\/wp-json\/wp\/v2\/media?parent=32680"}],"wp:term":[{"taxonomy":"category","embeddable":true,"href":"https:\/\/linitiative.ca\/International\/wp-json\/wp\/v2\/categories?post=32680"},{"taxonomy":"post_tag","embeddable":true,"href":"https:\/\/linitiative.ca\/International\/wp-json\/wp\/v2\/tags?post=32680"}],"curies":[{"name":"wp","href":"https:\/\/api.w.org\/{rel}","templated":true}]}}