{"id":32682,"date":"2019-05-07T06:57:51","date_gmt":"2019-05-07T10:57:51","guid":{"rendered":"https:\/\/linitiative.ca\/International\/meeting-international-mohammed-vi-dathletisme-conference-de-presse-le-9-mai-pour-presenter-la-12e-edition\/"},"modified":"2019-05-07T06:57:51","modified_gmt":"2019-05-07T10:57:51","slug":"meeting-international-mohammed-vi-dathletisme-conference-de-presse-le-9-mai-pour-presenter-la-12e-edition","status":"publish","type":"post","link":"https:\/\/linitiative.ca\/International\/meeting-international-mohammed-vi-dathletisme-conference-de-presse-le-9-mai-pour-presenter-la-12e-edition\/","title":{"rendered":"Meeting international Mohammed VI d\u2019athl\u00e9tisme: Conf\u00e9rence de presse  le 9 mai pour pr\u00e9senter la 12\u00e8 \u00e9dition"},"content":{"rendered":"<header>\n<div class=\"entry-post-meta\">\n<div class=\"author-link\">Publi\u00e9 par <a itemprop=\"author\" itemscope=\"\" itemtype=\"https:\/\/schema.org\/Person\" href=\"http:\/\/aujourdhui.ma\/profile\/kaid\" rel=\"author\"><span itemprop=\"name\">ALM<\/span><\/a><\/div>\n<p>Date\u00a0:<time content=\"2019-05-07T10:57:51+00:00\" class=\"entry-date updated\" datetime=\"2019-05-07T10:57:51+00:00\">mai 07, 2019<\/time><\/p>\n<div class=\"entry-cat\">dans:<a href=\"http:\/\/aujourdhui.ma\/category\/sports\" rel=\"category tag\">Sports<\/a><\/div>\n<p>4Vues<\/p>\n<\/div>\n<\/header>\n<div class=\"entry-content clearfix\" readability=\"46\"><img decoding=\"async\" class=\"post_layout_5_img\" src=\"http:\/\/aujourdhui.ma\/wp-content\/uploads\/2019\/05\/athle%CC%81tisme-Rabat.jpg?x29840\" alt=\"Meeting international Mohammed VI d\u2019athl\u00e9tisme: Conf\u00e9rence de presse le 9 mai pour pr\u00e9senter la 12\u00e8 \u00e9dition\"\/><\/p>\n<p class=\"p1\"><span class=\"s1\"><span class=\"c4\"><strong>La F\u00e9d\u00e9ration royale marocaine d\u2019athl\u00e9tisme (FRMA) tiendra le 9 mai une conf\u00e9rence de presse pour pr\u00e9senter la 12\u00e8 \u00e9dition du Meeting international Mohammed VI, 6\u00e8me \u00e9tape de la Ligue de diamant, pr\u00e9vue le 16 juin prochain au Complexe sportif Prince Moulay Abdellah \u00e0 Rabat.<\/strong><\/span><\/span> <span id=\"more-310678\"\/><\/p>\n<p class=\"p1\"><span class=\"s1\">Lors de cette conf\u00e9rence, dont le d\u00e9but est pr\u00e9vu lundi \u00e0 15h00 au si\u00e8ge de la FRMA, l\u2019accent sera mis sur les diff\u00e9rents aspects techniques et organisationnels de cette \u00e9dition, fait savoir la FRMA dans un communiqu\u00e9.<\/span><\/p>\n<p class=\"p1\"><span class=\"s1\">Le Meeting international Mohammed VI d\u2019athl\u00e9tisme est la seule comp\u00e9tition comptant pour la Ligue de diamant qui se d\u00e9roule dans un pays africain.<\/span><\/p>\n<\/div>\n<p>Auteur: ALM<br \/>\n<a href=\"http:\/\/aujourdhui.ma\/sports\/meeting-international-mohammed-vi-dathletisme-conference-de-presse-le-9-mai-pour-presenter-la-12e-edition\">Cliquez ici pour lire l&rsquo;article depuis sa source.<\/a><\/p>\n","protected":false},"excerpt":{"rendered":"<p>Publi\u00e9 par ALM Date\u00a0:mai 07, 2019 dans:Sports 4Vues La F\u00e9d\u00e9ration royale marocaine d\u2019athl\u00e9tisme (FRMA) tiendra le 9 mai une conf\u00e9rence de presse pour pr\u00e9senter la 12\u00e8 \u00e9dition du Meeting international Mohammed VI, 6\u00e8me \u00e9tape de la Ligue de diamant, pr\u00e9vue le 16 juin prochain au Complexe sportif Prince Moulay Abdellah \u00e0 Rabat. Lors de cette [&hellip;]<\/p>\n","protected":false},"author":1759,"featured_media":0,"comment_status":"closed","ping_status":"closed","sticky":false,"template":"","format":"standard","meta":{"fifu_image_url":"","fifu_image_alt":"","footnotes":""},"categories":[73,54],"tags":[],"class_list":["post-32682","post","type-post","status-publish","format-standard","hentry","category-actualite","category-maroc"],"_links":{"self":[{"href":"https:\/\/linitiative.ca\/International\/wp-json\/wp\/v2\/posts\/32682","targetHints":{"allow":["GET"]}}],"collection":[{"href":"https:\/\/linitiative.ca\/International\/wp-json\/wp\/v2\/posts"}],"about":[{"href":"https:\/\/linitiative.ca\/International\/wp-json\/wp\/v2\/types\/post"}],"author":[{"embeddable":true,"href":"https:\/\/linitiative.ca\/International\/wp-json\/wp\/v2\/users\/1759"}],"replies":[{"embeddable":true,"href":"https:\/\/linitiative.ca\/International\/wp-json\/wp\/v2\/comments?post=32682"}],"version-history":[{"count":0,"href":"https:\/\/linitiative.ca\/International\/wp-json\/wp\/v2\/posts\/32682\/revisions"}],"wp:attachment":[{"href":"https:\/\/linitiative.ca\/International\/wp-json\/wp\/v2\/media?parent=32682"}],"wp:term":[{"taxonomy":"category","embeddable":true,"href":"https:\/\/linitiative.ca\/International\/wp-json\/wp\/v2\/categories?post=32682"},{"taxonomy":"post_tag","embeddable":true,"href":"https:\/\/linitiative.ca\/International\/wp-json\/wp\/v2\/tags?post=32682"}],"curies":[{"name":"wp","href":"https:\/\/api.w.org\/{rel}","templated":true}]}}