{"id":32688,"date":"2019-05-07T09:00:19","date_gmt":"2019-05-07T13:00:19","guid":{"rendered":"https:\/\/linitiative.ca\/International\/journees-culturelles-des-etudiants-de-liav-linnovation-cle-de-voute-pour-une-agriculture-durable\/"},"modified":"2019-05-07T09:00:19","modified_gmt":"2019-05-07T13:00:19","slug":"journees-culturelles-des-etudiants-de-liav-linnovation-cle-de-voute-pour-une-agriculture-durable","status":"publish","type":"post","link":"https:\/\/linitiative.ca\/International\/journees-culturelles-des-etudiants-de-liav-linnovation-cle-de-voute-pour-une-agriculture-durable\/","title":{"rendered":"Journ\u00e9es culturelles des \u00e9tudiants de l\u2019IAV : L\u2019innovation, cl\u00e9 de vo\u00fbte pour une agriculture durable"},"content":{"rendered":"<header>\n<\/header>\n<div class=\"entry-content clearfix\" readability=\"68\"><img decoding=\"async\" class=\"post_layout_5_img\" src=\"http:\/\/aujourdhui.ma\/wp-content\/uploads\/2019\/05\/Akhannouch-Journe%CC%81es-culturelles-des-e%CC%81tudiants-de-l%E2%80%99IAV-agriculture-durable-.jpg?x29840\" alt=\"Journ\u00e9es culturelles des \u00e9tudiants de l\u2019IAV : L\u2019innovation, cl\u00e9 de vo\u00fbte pour une agriculture durable\"\/><\/p>\n<p class=\"p1\"><span class=\"c4\"><strong><em>Le d\u00e9partement de l\u2019agriculture place l\u2019innovation au c\u0153ur de ses priorit\u00e9s. Un int\u00e9r\u00eat particulier est accord\u00e9 \u00e0 l\u2019encouragement des programmes innovants de recherche-d\u00e9veloppement.<\/em><\/strong><\/span><span id=\"more-310654\"\/><\/p>\n<p class=\"p1\">Int\u00e9grer les TIC et les nouvelles technologies du digital dans l\u2019agriculture est la nouvelle orientation sur laquelle mise le secteur pour le prochain cap. La n\u00e9cessit\u00e9 d\u2019emprunter la voie de l\u2019innovation dans le monde agricole a \u00e9t\u00e9 soulign\u00e9e par le ministre de tutelle lors de la c\u00e9r\u00e9monie de cl\u00f4ture des journ\u00e9es culturelles des \u00e9tudiants de l\u2019institut agronomique et v\u00e9t\u00e9rinaire Hassan II (IAV). Intervenant dans ce sens, Aziz Akhannouch, ministre de l\u2019agriculture, de la p\u00eache maritime, du d\u00e9veloppement rural et des eaux et for\u00eats, a mis l\u2019accent sur la n\u00e9cessit\u00e9 d\u2019acc\u00e9l\u00e9rer cette int\u00e9gration pour accompagner l\u2019\u00e9lan de modernisation qui s\u2019op\u00e8re dans le secteur.<\/p>\n<p class=\"p1\">Ceci passerait par la conduite de programmes de recherches novateurs qui r\u00e9pondent aux attentes et aux besoins d\u2019un monde agricole en constante mutation. \u00ab<em>Le Maroc a besoin d\u2019une jeunesse investie dans l\u2019innovation et l\u2019entrepreneuriat au service du d\u00e9veloppement \u00e9conomique et social, en g\u00e9n\u00e9ral, et le d\u00e9veloppement rural en particulier, notamment pour une agriculture moderne et durable et un milieu rural offrant les opportunit\u00e9s de cr\u00e9ation de la richesse et d\u2019emplois<\/em>\u00bb, souligne le ministre \u00e0 ce propos. Le d\u00e9partement de l\u2019agriculture place l\u2019innovation au c\u0153ur de ses priorit\u00e9s. Un int\u00e9r\u00eat particulier est accord\u00e9 \u00e0 l\u2019encouragement des programmes innovants de recherche-d\u00e9veloppement, et ce en toute harmonie avec les besoins en agriculture et les ambitions affich\u00e9es pour assurer la continuit\u00e9 du Plan Maroc Vert (PMV) et la nouvelle strat\u00e9gie de d\u00e9veloppement agricole.<\/p>\n<p class=\"p1\">S\u2019agissant de la formation et de la recherche dans les domaines de l\u2019agriculture et de la m\u00e9decine v\u00e9t\u00e9rinaire, le ministre a insist\u00e9 sur l\u2019imp\u00e9ratif de s\u2019adapter aux changements \u00e9volutifs tant du secteur agricole que du syst\u00e8me d\u2019enseignement et de formation. Aziz Akhannouch a dans ce sens appel\u00e9 l\u2019Institut agronomique et v\u00e9t\u00e9rinaire Hassan II \u00e0 veiller \u00e0 maintenir la qualit\u00e9 de ses laur\u00e9ats en faisant \u00e9voluer son syst\u00e8me de formation et de recherche pour r\u00e9pondre ad\u00e9quatement aux mutations que conna\u00eet l\u2019agriculture marocaine, sous l\u2019impulsion du Plan Maroc Vert depuis 10 ans. L\u2019ambition \u00e9tant d\u2019impulser une nouvelle dynamique pour le d\u00e9veloppement d\u2019un capital humain \u00e0 forte capacit\u00e9 aussi bien au Maroc qu\u2019en Afrique.<\/p>\n<p class=\"p1\">D\u2019o\u00f9 l\u2019int\u00e9r\u00eat de renforcer les programmes de coop\u00e9ration Sud-Sud. Pour rappel, les journ\u00e9es culturelles, sportives et artistiques sont une occasion pour consacrer le talent des \u00e9tudiants de l\u2019IAV. Des prix ont \u00e9t\u00e9 remis aux laur\u00e9ats des diff\u00e9rentes comp\u00e9titions de cette manifestation qui a connu par ailleurs la tenue d\u2019une s\u00e9rie de conf\u00e9rences th\u00e9matiques ayant trait\u00e9 entre autres la valorisation des mati\u00e8res v\u00e9g\u00e9tales locales et le r\u00f4le du b\u00e9n\u00e9volat dans le d\u00e9veloppement durable, \u00e9quitable et solidaire.<\/p>\n<\/div>\n<p>Auteur: ALM<br \/>\n<a href=\"http:\/\/aujourdhui.ma\/economie\/journees-culturelles-des-etudiants-de-liav-linnovation-cle-de-voute-pour-une-agriculture-durable\">Cliquez ici pour lire l&rsquo;article depuis sa source.<\/a><\/p>\n","protected":false},"excerpt":{"rendered":"<p>Le d\u00e9partement de l\u2019agriculture place l\u2019innovation au c\u0153ur de ses priorit\u00e9s. Un int\u00e9r\u00eat particulier est accord\u00e9 \u00e0 l\u2019encouragement des programmes innovants de recherche-d\u00e9veloppement. Int\u00e9grer les TIC et les nouvelles technologies du digital dans l\u2019agriculture est la nouvelle orientation sur laquelle mise le secteur pour le prochain cap. La n\u00e9cessit\u00e9 d\u2019emprunter la voie de l\u2019innovation dans [&hellip;]<\/p>\n","protected":false},"author":1759,"featured_media":0,"comment_status":"closed","ping_status":"closed","sticky":false,"template":"","format":"standard","meta":{"fifu_image_url":"","fifu_image_alt":"","footnotes":""},"categories":[73,54],"tags":[],"class_list":["post-32688","post","type-post","status-publish","format-standard","hentry","category-actualite","category-maroc"],"_links":{"self":[{"href":"https:\/\/linitiative.ca\/International\/wp-json\/wp\/v2\/posts\/32688","targetHints":{"allow":["GET"]}}],"collection":[{"href":"https:\/\/linitiative.ca\/International\/wp-json\/wp\/v2\/posts"}],"about":[{"href":"https:\/\/linitiative.ca\/International\/wp-json\/wp\/v2\/types\/post"}],"author":[{"embeddable":true,"href":"https:\/\/linitiative.ca\/International\/wp-json\/wp\/v2\/users\/1759"}],"replies":[{"embeddable":true,"href":"https:\/\/linitiative.ca\/International\/wp-json\/wp\/v2\/comments?post=32688"}],"version-history":[{"count":0,"href":"https:\/\/linitiative.ca\/International\/wp-json\/wp\/v2\/posts\/32688\/revisions"}],"wp:attachment":[{"href":"https:\/\/linitiative.ca\/International\/wp-json\/wp\/v2\/media?parent=32688"}],"wp:term":[{"taxonomy":"category","embeddable":true,"href":"https:\/\/linitiative.ca\/International\/wp-json\/wp\/v2\/categories?post=32688"},{"taxonomy":"post_tag","embeddable":true,"href":"https:\/\/linitiative.ca\/International\/wp-json\/wp\/v2\/tags?post=32688"}],"curies":[{"name":"wp","href":"https:\/\/api.w.org\/{rel}","templated":true}]}}