{"id":32689,"date":"2019-05-07T09:30:44","date_gmt":"2019-05-07T13:30:44","guid":{"rendered":"https:\/\/linitiative.ca\/International\/ramadan-sur-al-aoula-une-programmation-100-marocaine\/"},"modified":"2019-05-07T09:30:44","modified_gmt":"2019-05-07T13:30:44","slug":"ramadan-sur-al-aoula-une-programmation-100-marocaine","status":"publish","type":"post","link":"https:\/\/linitiative.ca\/International\/ramadan-sur-al-aoula-une-programmation-100-marocaine\/","title":{"rendered":"Ramadan sur Al Aoula : Une programmation 100% marocaine"},"content":{"rendered":"<p><img decoding=\"async\" class=\"post_layout_5_img\" src=\"http:\/\/aujourdhui.ma\/wp-content\/uploads\/2019\/05\/Ramadan-sur-Al-Aoula-Serie-Rdat-El-Walida-2.jpg?x29840\" alt=\"Ramadan sur Al Aoula : Une programmation 100% marocaine\"\/><\/p>\n<p class=\"p1\"><span class=\"c4\"><strong><span class=\"s1\"><em>En offrant une programmation assez diversifi\u00e9e, Al Aoula table sur l\u2019augmentation du nombre de t\u00e9l\u00e9spectateurs comme cela a \u00e9t\u00e9 le cas en Ramadan dernier. D\u00e9j\u00e0, ce nombre s\u2019est multipli\u00e9 par 3 en 2018, soit un taux d\u2019audience de 21,5%, par rapport \u00e0 2017.<\/em><\/span><\/strong><\/span><span id=\"more-310689\"\/><\/p>\n<p class=\"p1\"><a href=\"http:\/\/aujourdhui.ma\/wp-content\/uploads\/2019\/05\/Ramadan-sur-Al-Aoula-sitcom-Hammi-Oulad-Ammi-et-serie-Rdat-El-Walida.jpg?x29840\"><img loading=\"lazy\" decoding=\"async\" class=\"wp-image-310695 alignleft\" src=\"http:\/\/aujourdhui.ma\/wp-content\/uploads\/2019\/05\/Ramadan-sur-Al-Aoula-sitcom-Hammi-Oulad-Ammi-et-serie-Rdat-El-Walida.jpg?x29840\" alt=\"\" width=\"429\" height=\"509\" srcset=\"http:\/\/aujourdhui.ma\/wp-content\/uploads\/2019\/05\/Ramadan-sur-Al-Aoula-sitcom-Hammi-Oulad-Ammi-et-serie-Rdat-El-Walida.jpg 746w, http:\/\/aujourdhui.ma\/wp-content\/uploads\/2019\/05\/Ramadan-sur-Al-Aoula-sitcom-Hammi-Oulad-Ammi-et-serie-Rdat-El-Walida-253x300.jpg 253w\" sizes=\"auto, (max-width: 429px) 100vw, 429px\"\/><\/a>En Ramadan, les cha\u00eenes t\u00e9l\u00e9vis\u00e9es marocaines rivalisent pour offrir une programmation int\u00e9ressante aux t\u00e9l\u00e9spectateurs. Chacune ayant sa particularit\u00e9. Al Aoula, elle, a, selon ses dires, la particularit\u00e9 de pr\u00e9senter \u00abune programmation marocaine \u00e0 100%\u00bb.<\/p>\n<p class=\"p1\">Lors de ce mois sacr\u00e9, la cha\u00eene pr\u00e9sentera, chaque jour en prime time, la sitcom \u00abHammi Oulad Ammi\u00bb (Mon souci, c\u2019est mes cousins) r\u00e9alis\u00e9e par Hicham Lasri qui met, entre autres, l\u2019actrice Soukaina Darabil en star. <em>\u00abNous avons tent\u00e9 de travailler en tant que troupe de th\u00e9\u00e2tre pour faire une sitcom light qui donnera du plaisir et fera rire pendant le mois de Ramadan\u00bb,<\/em> indique le r\u00e9alisateur. Pour concevoir cette \u0153uvre t\u00e9l\u00e9vis\u00e9e, Hicham Lasri s\u2019est \u00e9galement entour\u00e9 d\u2019un casting compos\u00e9 de Bouchra Ahrich, Aziz Dadas, Adnane Mouhajja, Fadila Benmoussa, Mehioul, Simo El Kama, Samira Hichika et Zahira Sadiq.<\/p>\n<p class=\"p1\">De plus, la s\u00e9rie \u00e0 succ\u00e8s \u00abRdat El Walida\u00bb (Le satisfecit de la m\u00e8re), qui a rafl\u00e9 plusieurs prix, sera de retour pour une deuxi\u00e8me saison. La premi\u00e8re ayant \u00e9t\u00e9, selon Marocm\u00e9trie, suivie par 4,6 millions de t\u00e9l\u00e9spectateurs, soit un taux de 34%. R\u00e9alis\u00e9e par Zakia Tahiri, cette \u0153uvre t\u00e9l\u00e9vis\u00e9e, qui sera diffus\u00e9e \u00e0 20h40 pendant le Ramadan, est interpr\u00e9t\u00e9e, entre autres, par Rawya, Oussama Bastaoui et Abdelilah Rachid.<\/p>\n<p class=\"p1\">La cam\u00e9ra cach\u00e9e n\u2019est pas en reste. Elle sera anim\u00e9e, \u00e0 19h40, sous l\u2019appellation \u00abCam\u00e9ra f\u00e2ch\u00e9e\u00bb par l\u2019artiste Tarik Boukhari, qui provoque des situations en pr\u00e9sence de stars, dont Stati et Said Mosker.<\/p>\n<p class=\"p1\">Et pour mieux accompagner le moment de rupture du je\u00fbne, l\u2019\u0153uvre t\u00e9l\u00e9vis\u00e9e \u00abAllal et Camelia\u00bb sera diffus\u00e9e \u00e0 19h30 sur Al Aoula.<\/p>\n<p class=\"p1\">Avant la rupture du je\u00fbne, la s\u00e9rie \u00abZwaji mouhal\u00bb (Mon mariage est impossible) sera diffus\u00e9e \u00e0 19h. Cette \u0153uvre qui met en star Ahlam Zaimi, Said Ait Baja, Aicha Mahmah et Abdelilah Ajil entre autres, est r\u00e9alis\u00e9e par Hicham El Jbari qui a \u00e9galement con\u00e7u \u00abNhar Mabrouk\u00bb (Bonne journ\u00e9e). Cette \u0153uvre t\u00e9l\u00e9vis\u00e9e qui met l\u2019humoriste \u00abBassou\u00bb en star sera \u00e9mise chaque jour du Ramadan \u00e0 21h15.<\/p>\n<p class=\"p1\">Les recommandations pour un je\u00fbne sain ne sont pas en reste. Des capsules intitul\u00e9es \u00abNassihti lik\u00bb (Mon conseil pour toi) seront quotidiennement diffus\u00e9es avant la rupture du je\u00fbne. Pendant 5 minutes, des m\u00e9decins et coachs offriront l\u2019essentiel des informations sur le r\u00e9gime alimentaire \u00e0 suivre au cours du mois sacr\u00e9.<\/p>\n<p class=\"p1\">En offrant une programmation assez diversifi\u00e9e, Al Aoula table sur l\u2019augmentation du nombre de t\u00e9l\u00e9spectateurs comme cela a \u00e9t\u00e9 le cas en Ramadan dernier. D\u00e9j\u00e0, ce nombre s\u2019est multipli\u00e9 par 3 en 2018, soit un taux d\u2019audience de 21,5%, par rapport \u00e0 2017 (8.6%). De plus, les programmes de la cha\u00eene sont disponibles sur l\u2019application SNRT Live t\u00e9l\u00e9charg\u00e9e par plus de 2 millions d\u2019utilisateurs et visit\u00e9e par 70 millions de personnes comme le pr\u00e9cise la cha\u00eene selon des chiffres d\u2019ao\u00fbt 2017 \u00e0 avril 2019.<\/p>\n<p><a href=\"http:\/\/aujourdhui.ma\/wp-content\/uploads\/2019\/05\/Ramadan-sur-Al-Aoula-camera-cachee.jpg?x29840\"><img loading=\"lazy\" decoding=\"async\" class=\"size-full wp-image-310693 aligncenter\" src=\"http:\/\/aujourdhui.ma\/wp-content\/uploads\/2019\/05\/Ramadan-sur-Al-Aoula-camera-cachee.jpg?x29840\" alt=\"\" width=\"746\" height=\"455\" srcset=\"http:\/\/aujourdhui.ma\/wp-content\/uploads\/2019\/05\/Ramadan-sur-Al-Aoula-camera-cachee.jpg 746w, http:\/\/aujourdhui.ma\/wp-content\/uploads\/2019\/05\/Ramadan-sur-Al-Aoula-camera-cachee-300x183.jpg 300w\" sizes=\"auto, (max-width: 746px) 100vw, 746px\"\/><\/a><\/p>\n<p>Auteur: Salima Guisser<br \/>\n<a href=\"http:\/\/aujourdhui.ma\/culture\/ramadan-sur-al-aoula-une-programmation-100-marocaine\">Cliquez ici pour lire l&rsquo;article depuis sa source.<\/a><\/p>\n","protected":false},"excerpt":{"rendered":"<p>En offrant une programmation assez diversifi\u00e9e, Al Aoula table sur l\u2019augmentation du nombre de t\u00e9l\u00e9spectateurs comme cela a \u00e9t\u00e9 le cas en Ramadan dernier. D\u00e9j\u00e0, ce nombre s\u2019est multipli\u00e9 par 3 en 2018, soit un taux d\u2019audience de 21,5%, par rapport \u00e0 2017. En Ramadan, les cha\u00eenes t\u00e9l\u00e9vis\u00e9es marocaines rivalisent pour offrir une programmation int\u00e9ressante [&hellip;]<\/p>\n","protected":false},"author":1759,"featured_media":0,"comment_status":"closed","ping_status":"closed","sticky":false,"template":"","format":"standard","meta":{"fifu_image_url":"","fifu_image_alt":"","footnotes":""},"categories":[73,54],"tags":[],"class_list":["post-32689","post","type-post","status-publish","format-standard","hentry","category-actualite","category-maroc"],"_links":{"self":[{"href":"https:\/\/linitiative.ca\/International\/wp-json\/wp\/v2\/posts\/32689","targetHints":{"allow":["GET"]}}],"collection":[{"href":"https:\/\/linitiative.ca\/International\/wp-json\/wp\/v2\/posts"}],"about":[{"href":"https:\/\/linitiative.ca\/International\/wp-json\/wp\/v2\/types\/post"}],"author":[{"embeddable":true,"href":"https:\/\/linitiative.ca\/International\/wp-json\/wp\/v2\/users\/1759"}],"replies":[{"embeddable":true,"href":"https:\/\/linitiative.ca\/International\/wp-json\/wp\/v2\/comments?post=32689"}],"version-history":[{"count":0,"href":"https:\/\/linitiative.ca\/International\/wp-json\/wp\/v2\/posts\/32689\/revisions"}],"wp:attachment":[{"href":"https:\/\/linitiative.ca\/International\/wp-json\/wp\/v2\/media?parent=32689"}],"wp:term":[{"taxonomy":"category","embeddable":true,"href":"https:\/\/linitiative.ca\/International\/wp-json\/wp\/v2\/categories?post=32689"},{"taxonomy":"post_tag","embeddable":true,"href":"https:\/\/linitiative.ca\/International\/wp-json\/wp\/v2\/tags?post=32689"}],"curies":[{"name":"wp","href":"https:\/\/api.w.org\/{rel}","templated":true}]}}