{"id":32690,"date":"2019-05-07T10:00:05","date_gmt":"2019-05-07T14:00:05","guid":{"rendered":"https:\/\/linitiative.ca\/International\/maladies-a-declaration-obligatoire-nouvelle-organisation-dans-le-processus-de-notification\/"},"modified":"2019-05-07T10:00:05","modified_gmt":"2019-05-07T14:00:05","slug":"maladies-a-declaration-obligatoire-nouvelle-organisation-dans-le-processus-de-notification","status":"publish","type":"post","link":"https:\/\/linitiative.ca\/International\/maladies-a-declaration-obligatoire-nouvelle-organisation-dans-le-processus-de-notification\/","title":{"rendered":"Maladies \u00e0 d\u00e9claration obligatoire : Nouvelle organisation dans le processus de notification"},"content":{"rendered":"<p><img decoding=\"async\" class=\"post_layout_5_img\" src=\"http:\/\/aujourdhui.ma\/wp-content\/uploads\/2019\/05\/Hopital-Sante-Maladies.jpg?x29840\" alt=\"Maladies \u00e0 d\u00e9claration obligatoire : Nouvelle organisation dans le processus de notification\"\/><\/p>\n<p class=\"p1\"><span class=\"c4\"><strong><span class=\"s1\"><em>Peste, rage humaine, tuberculose, h\u00e9patites virales\u2026 elles sont plus d\u2019une trentaine au Maroc<\/em><\/span><\/strong><\/span><span id=\"more-310667\"\/><\/p>\n<div class=\"base-box mom_box_sc_custom mom_box_sc clear c5\" readability=\"10\">\n<p class=\"p1\"><span class=\"s1\"><em>Pour chacune des MDO r\u00e9pertori\u00e9es, l\u2019infirmier chef doit collaborer au remplissage de la \u00abfiche de d\u00e9claration obligatoire de maladie\u00bb avec mention du d\u00e9c\u00e8s s\u2019il y a lieu et la date du d\u00e9c\u00e8s ainsi que du num\u00e9ro d\u2019hospitalisation.<\/em><\/span><\/p>\n<\/div>\n<p class=\"p1\"><span class=\"s1\">Le minist\u00e8re de la sant\u00e9 s\u2019attaque \u00e0 la notification des maladies \u00e0 d\u00e9claration obligatoire (MDO) en milieu hospitalier. Le secr\u00e9taire g\u00e9n\u00e9ral du minist\u00e8re, Hicham Nejmi, a adress\u00e9 le 3 mai une circulaire \u00e0 l\u2019attention des directeurs r\u00e9gionaux relative \u00e0 l\u2019organisation de la notification de ces maladies.<\/span><\/p>\n<p class=\"p1\"><span class=\"s1\">Pour rappel, les maladies \u00e0 d\u00e9claration obligatoire en raison de leur caract\u00e8re potentiellement \u00e9pid\u00e9mique doivent obligatoirement \u00eatre d\u00e9clar\u00e9es au minist\u00e8re de la sant\u00e9 dans l\u2019objectif pr\u00e9cis de contr\u00f4ler les risques d\u2019\u00e9pid\u00e9mie et de renforcer le pilotage en mati\u00e8re de sant\u00e9 publique. Au Maroc, on rel\u00e8ve plus d\u2019une trentaine de MDO. Parmi celles-ci figurent : la peste, la fi\u00e8vre jaune, le chol\u00e9ra, le charbon humain, la rage humaine, les m\u00e9ningites aigu\u00ebs bact\u00e9riennes et virales, la dipht\u00e9rie, le t\u00e9tanos, la rougeole, la tuberculose, le paludisme, la l\u00e8pre, la coqueluche, le trachome et les h\u00e9patites virales (B et C). D\u00e9sormais, le directeur de l\u2019\u00e9tablissement hospitalier doit d\u00e9signer un point focal hospitalier qui sera charg\u00e9 d\u2019assurer la coordination de la notification des MDO. Dans les centres hospitaliers interr\u00e9gionaux (CHI), les centres hospitaliers r\u00e9gionaux et les centres hospitaliers provinciaux ou pr\u00e9fectoraux, la notification de ces maladies est confi\u00e9e aux m\u00e9decins praticiens et infirmiers chefs des services cliniques concern\u00e9s par l\u2019admission de malades. Chaque jour, l\u2019infirmier chef du service clinique ou tout r\u00e9f\u00e9rent d\u00e9sign\u00e9 \u00e0 cet effet proc\u00e8de au remplissage du \u00abrelev\u00e9 quotidien de notification hospitali\u00e8re des MDO\u00bb sur la base du registre d\u2019admission, en vue d\u2019identifier l\u2019ensemble des MDO non encore notifi\u00e9es. Pour chacune des MDO r\u00e9pertori\u00e9es, l\u2019infirmier chef doit collaborer au remplissage de la \u00abfiche de d\u00e9claration obligatoire de maladie\u00bb avec mention du d\u00e9c\u00e8s s\u2019il y a lieu et la date du d\u00e9c\u00e8s ainsi que du num\u00e9ro d\u2019hospitalisation. Cette fiche doit \u00eatre sign\u00e9e par le m\u00e9decin traitant<span class=\"Apple-converted-space\">\u00a0<\/span> du service ou \u00e0 d\u00e9faut par un m\u00e9decin de l\u2019h\u00f4pital. <span class=\"Apple-converted-space\">\u00a0<\/span> Le relev\u00e9 quotidien et la fiche de d\u00e9claration sont adress\u00e9s quotidiennement \u00e0 la direction de l\u2019h\u00f4pital. Celle-ci notifie quotidiennement les relev\u00e9s et les fiches \u00e0 la d\u00e9l\u00e9gation pr\u00e9fectorale ou provinciale de la Sant\u00e9 de rattachement (Unit\u00e9 de veille, de s\u00e9curit\u00e9 sanitaire et de la sant\u00e9 environnementale) ainsi qu\u2019\u00e0 la direction du Centre<span class=\"Apple-converted-space\">\u00a0<\/span> hospitaliers interr\u00e9gional (CHI).\u00a0<\/span><\/p>\n<p class=\"p1\"><span class=\"s1\">Selon la circulaire la d\u00e9l\u00e9gation provinciale ou pr\u00e9fectorale de rattachement notifie hebdomadairement le r\u00e9capitulatif provincial sous forme de \u00abrelev\u00e9 hebdomadaire de notification hospitali\u00e8re des MDO\u00bb et les fiches d\u2019investigation sp\u00e9cifiques \u00e0 la Direction r\u00e9gionale de la sant\u00e9 qui se chargera de les transmettre de mani\u00e8re hebdomadaire \u00e0 la direction de l\u2019\u00e9pid\u00e9miologie et de la lutte contre les maladies ainsi qu\u2019\u00e0 la Direction des h\u00f4pitaux et des soins ambulatoires.<\/span><\/p>\n<p>Auteur: Laila Zerrour<br \/>\n<a href=\"http:\/\/aujourdhui.ma\/societe\/maladies-a-declaration-obligatoire-nouvelle-organisation-dans-le-processus-de-notification\">Cliquez ici pour lire l&rsquo;article depuis sa source.<\/a><\/p>\n","protected":false},"excerpt":{"rendered":"<p>Peste, rage humaine, tuberculose, h\u00e9patites virales\u2026 elles sont plus d\u2019une trentaine au Maroc Pour chacune des MDO r\u00e9pertori\u00e9es, l\u2019infirmier chef doit collaborer au remplissage de la \u00abfiche de d\u00e9claration obligatoire de maladie\u00bb avec mention du d\u00e9c\u00e8s s\u2019il y a lieu et la date du d\u00e9c\u00e8s ainsi que du num\u00e9ro d\u2019hospitalisation. Le minist\u00e8re de la sant\u00e9 [&hellip;]<\/p>\n","protected":false},"author":1759,"featured_media":0,"comment_status":"closed","ping_status":"closed","sticky":false,"template":"","format":"standard","meta":{"fifu_image_url":"","fifu_image_alt":"","footnotes":""},"categories":[73,54],"tags":[],"class_list":["post-32690","post","type-post","status-publish","format-standard","hentry","category-actualite","category-maroc"],"_links":{"self":[{"href":"https:\/\/linitiative.ca\/International\/wp-json\/wp\/v2\/posts\/32690","targetHints":{"allow":["GET"]}}],"collection":[{"href":"https:\/\/linitiative.ca\/International\/wp-json\/wp\/v2\/posts"}],"about":[{"href":"https:\/\/linitiative.ca\/International\/wp-json\/wp\/v2\/types\/post"}],"author":[{"embeddable":true,"href":"https:\/\/linitiative.ca\/International\/wp-json\/wp\/v2\/users\/1759"}],"replies":[{"embeddable":true,"href":"https:\/\/linitiative.ca\/International\/wp-json\/wp\/v2\/comments?post=32690"}],"version-history":[{"count":0,"href":"https:\/\/linitiative.ca\/International\/wp-json\/wp\/v2\/posts\/32690\/revisions"}],"wp:attachment":[{"href":"https:\/\/linitiative.ca\/International\/wp-json\/wp\/v2\/media?parent=32690"}],"wp:term":[{"taxonomy":"category","embeddable":true,"href":"https:\/\/linitiative.ca\/International\/wp-json\/wp\/v2\/categories?post=32690"},{"taxonomy":"post_tag","embeddable":true,"href":"https:\/\/linitiative.ca\/International\/wp-json\/wp\/v2\/tags?post=32690"}],"curies":[{"name":"wp","href":"https:\/\/api.w.org\/{rel}","templated":true}]}}