{"id":32700,"date":"2019-05-07T05:20:42","date_gmt":"2019-05-07T09:20:42","guid":{"rendered":"https:\/\/linitiative.ca\/International\/enquete-russe-impots-nouvelle-escalade-entre-trump-et-les-democrates\/"},"modified":"2019-05-07T05:20:42","modified_gmt":"2019-05-07T09:20:42","slug":"enquete-russe-impots-nouvelle-escalade-entre-trump-et-les-democrates","status":"publish","type":"post","link":"https:\/\/linitiative.ca\/International\/enquete-russe-impots-nouvelle-escalade-entre-trump-et-les-democrates\/","title":{"rendered":"Enqu\u00eate russe, imp\u00f4ts : nouvelle escalade entre Trump et les d\u00e9mocrates"},"content":{"rendered":"<p>Le secr\u00e9taire am\u00e9ricain au Tr\u00e9sor, Steven Mnuchin, estime que la demande d\u2019acc\u00e8s \u00e0 ces documents, \u00e9manant des d\u00e9mocrates, manque d\u2019un \u00ab\u00a0objectif l\u00e9gislatif l\u00e9gitime\u00a0\u00bb.<\/p>\n<p>La guerre ouverte entre Donald Trump et les d\u00e9mocrates du Congr\u00e8s a franchi un nouveau palier lundi\u00a06\u00a0mai, avec la perspective d\u2019une rare proc\u00e9dure mena\u00e7ant le ministre de la justice, William Barr, et le refus du Tr\u00e9sor de livrer les d\u00e9clarations d\u2019imp\u00f4ts du pr\u00e9sident am\u00e9ricain.<\/p>\n<p>S\u2019ils \u00e9cartent encore la perspective d\u2019une proc\u00e9dure de destitution contre Donald Trump, les d\u00e9mocrates emploient les vastes pouvoirs d\u2019investigation que leur offre, depuis janvier, leur majorit\u00e9 \u00e0 la Chambre des repr\u00e9sentants pour enqu\u00eater \u00e0 tout-va contre l\u2019administration r\u00e9publicaine.<\/p>\n<p>Explosive enqu\u00eate russe et myst\u00e9rieuses d\u00e9clarations d\u2019imp\u00f4ts de l\u2019homme d\u2019affaires\u00a0: les d\u00e9mocrates se sont toutefois heurt\u00e9s lundi \u00e0 deux refus de l\u2019administration Trump, qui les accuse de mener une campagne de harc\u00e8lement injustifi\u00e9e contre le pr\u00e9sident. Ces duels pourraient donner lieu \u00e0 de rudes batailles judiciaires.<\/p>\n<h2>Perspective d\u2019une rare proc\u00e9dure mena\u00e7ant William Barr<\/h2>\n<p>D\u2019un c\u00f4t\u00e9, le bras de fer se focalise sur le rapport du procureur sp\u00e9cial Robert Mueller qui a enqu\u00eat\u00e9 sur les ing\u00e9rences russes dans la pr\u00e9sidentielle de 2016 et les soup\u00e7ons de collusion entre l\u2019\u00e9quipe de campagne de Donald Trump et Moscou. Une version expurg\u00e9e de certaines donn\u00e9es sensibles a \u00e9t\u00e9 publi\u00e9e en avril, sur laquelle s\u2019est appuy\u00e9 Donald Trump pour se d\u00e9clarer totalement exon\u00e9r\u00e9.<\/p>\n<p>Estimant au contraire qu\u2019elle pr\u00e9sentait\u00a0<em>\u00ab\u00a0des indices et analyses troublants montrant que le pr\u00e9sident Trump avait entrav\u00e9 la justice\u00a0\u00bb<\/em>, les d\u00e9mocrates de la Chambre r\u00e9clamaient au ministre qu\u2019il leur transmette une version compl\u00e8te d\u2019ici \u00e0 lundi matin. Ils veulent ainsi \u00e9tablir notamment si ces faits justifient l\u2019ouverture d\u2019une proc\u00e9dure de destitution contre Donald Trump. Le pr\u00e9sident ne pouvant pas \u00eatre inculp\u00e9 par la justice tant qu\u2019il est en exercice, le Congr\u00e8s\u00a0<em>\u00ab\u00a0est la seule institution capable d\u2019engager<\/em>\u00a0[sa]\u00a0<em>responsabilit\u00e9\u00a0\u00bb<\/em>, ont soulign\u00e9 les d\u00e9mocrates lundi.<\/p>\n<p>Mais le minist\u00e8re n\u2019a pas donn\u00e9 suite dans les temps, rappelant qu\u2019il avait d\u00e9j\u00e0 mis \u00e0 disposition de certains parlementaires habilit\u00e9s une version moins expurg\u00e9e. En r\u00e9action, l\u2019opposition d\u00e9mocrate a annonc\u00e9 l\u2019ouverture d\u2019une proc\u00e9dure rarissime contre Bill Barr, pour entrave aux pr\u00e9rogatives d\u2019enqu\u00eate du Congr\u00e8s (<em>\u00ab\u00a0contempt of Congress\u00a0\u00bb<\/em>).<\/p>\n<p>Contr\u00f4l\u00e9e par les d\u00e9mocrates, la puissante commission judiciaire de la chambre basse se r\u00e9unira \u00e0 10\u00a0heures mercredi pour d\u00e9battre puis voter la d\u00e9fiance contre William Barr. Un vote en s\u00e9ance pl\u00e9ni\u00e8re devrait suivre, \u00e0 une date non d\u00e9termin\u00e9e. Le pr\u00e9sident d\u00e9mocrate de la commission, Jerry Nadler, s\u2019est toutefois r\u00e9serv\u00e9 le droit de repousser cette proc\u00e9dure si le minist\u00e8re leur livrait finalement le rapport complet.<sub><br \/>le\u00a0monde<\/sub><\/p>\n<p class=\"dpsp-share-text\">Partager c&rsquo;est aimer!<\/p>\n<div class=\"wp-post-author-wrap wp-post-author-shortcode left\">\n<h3 class=\"awpa-title\"\/>\n<div class=\"wp-post-author\">\n<div class=\"awpa-img awpa-author-block square\"><a href=\"http:\/\/lexpertjournal.net\/fr\/author\/expert\/\"><img loading=\"lazy\" decoding=\"async\" alt=\"\" src=\"http:\/\/2.gravatar.com\/avatar\/56d99be2a6f97af88ccb49fada637fcd?s=150&#038;d=mm&#038;r=g\" srcset=\"http:\/\/2.gravatar.com\/avatar\/56d99be2a6f97af88ccb49fada637fcd?s=300&#038;d=mm&#038;r=g 2x\" class=\"avatar avatar-150 photo\" height=\"150\" width=\"150\"\/><\/a><\/div>\n<\/div>\n<\/div>\n<p>Auteur: L&rsquo;expert<br \/>\n<a href=\"http:\/\/lexpertjournal.net\/fr\/2019\/05\/07\/enquete-russe-impots-nouvelle-escalade-entre-trump-et-les-democrates\/\">Cliquez ici pour lire l&rsquo;article depuis sa source.<\/a><\/p>\n","protected":false},"excerpt":{"rendered":"<p>Le secr\u00e9taire am\u00e9ricain au Tr\u00e9sor, Steven Mnuchin, estime que la demande d\u2019acc\u00e8s \u00e0 ces documents, \u00e9manant des d\u00e9mocrates, manque d\u2019un \u00ab\u00a0objectif l\u00e9gislatif l\u00e9gitime\u00a0\u00bb. La guerre ouverte entre Donald Trump et les d\u00e9mocrates du Congr\u00e8s a franchi un nouveau palier lundi\u00a06\u00a0mai, avec la perspective d\u2019une rare proc\u00e9dure mena\u00e7ant le ministre de la justice, William Barr, et [&hellip;]<\/p>\n","protected":false},"author":1775,"featured_media":0,"comment_status":"closed","ping_status":"closed","sticky":false,"template":"","format":"standard","meta":{"fifu_image_url":"","fifu_image_alt":"","footnotes":""},"categories":[78,55],"tags":[],"class_list":["post-32700","post","type-post","status-publish","format-standard","hentry","category-economie","category-tunisie"],"_links":{"self":[{"href":"https:\/\/linitiative.ca\/International\/wp-json\/wp\/v2\/posts\/32700","targetHints":{"allow":["GET"]}}],"collection":[{"href":"https:\/\/linitiative.ca\/International\/wp-json\/wp\/v2\/posts"}],"about":[{"href":"https:\/\/linitiative.ca\/International\/wp-json\/wp\/v2\/types\/post"}],"author":[{"embeddable":true,"href":"https:\/\/linitiative.ca\/International\/wp-json\/wp\/v2\/users\/1775"}],"replies":[{"embeddable":true,"href":"https:\/\/linitiative.ca\/International\/wp-json\/wp\/v2\/comments?post=32700"}],"version-history":[{"count":0,"href":"https:\/\/linitiative.ca\/International\/wp-json\/wp\/v2\/posts\/32700\/revisions"}],"wp:attachment":[{"href":"https:\/\/linitiative.ca\/International\/wp-json\/wp\/v2\/media?parent=32700"}],"wp:term":[{"taxonomy":"category","embeddable":true,"href":"https:\/\/linitiative.ca\/International\/wp-json\/wp\/v2\/categories?post=32700"},{"taxonomy":"post_tag","embeddable":true,"href":"https:\/\/linitiative.ca\/International\/wp-json\/wp\/v2\/tags?post=32700"}],"curies":[{"name":"wp","href":"https:\/\/api.w.org\/{rel}","templated":true}]}}