{"id":32701,"date":"2019-05-07T05:25:48","date_gmt":"2019-05-07T09:25:48","guid":{"rendered":"https:\/\/linitiative.ca\/International\/birmanie-deux-journalistes-de-reuters-liberes-apres-plus-de-500-jours-en-prison\/"},"modified":"2019-05-07T05:25:48","modified_gmt":"2019-05-07T09:25:48","slug":"birmanie-deux-journalistes-de-reuters-liberes-apres-plus-de-500-jours-en-prison","status":"publish","type":"post","link":"https:\/\/linitiative.ca\/International\/birmanie-deux-journalistes-de-reuters-liberes-apres-plus-de-500-jours-en-prison\/","title":{"rendered":"Birmanie : deux journalistes de Reuters lib\u00e9r\u00e9s apr\u00e8s plus de 500 jours en prison"},"content":{"rendered":"<p>Les journalistes\u00a0ont \u00e9t\u00e9 condamn\u00e9s \u00e0 sept ans de prison pour avoir enfreint la loi birmane sur les secrets d\u2019Etat, qui date de l\u2019\u00e9poque coloniale.\u00a0Ils \u00e9taient accus\u00e9s de s\u2019\u00eatre procur\u00e9 des documents classifi\u00e9s, dans le cadre d\u2019une enqu\u00eate sur un massacre de musulmans rohingyas.\u00a0<\/p>\n<p>Ils sont d\u00e9sormais libres, apr\u00e8s plus de 500 jours de d\u00e9tention. Wa Lone et Kyaw Soe Oo, deux journalistes de Reuters condamn\u00e9s \u00e0 sept ans de prison en Birmanie apr\u00e8s avoir enqu\u00eat\u00e9 sur un massacre de\u00a0<a href=\"https:\/\/www.francetvinfo.fr\/monde\/asie\/rohingyas\/\">musulmans rohingyas<\/a>, ont \u00e9t\u00e9 lib\u00e9r\u00e9s, mardi 7 mai, \u00e0 l\u2019issue de plusieurs mois de pression internationale\u00a0sur le gouvernement de la prix Nobel de la Paix Aung San Suu Kyi.<\/p>\n<p>Les reporters ont \u00e9t\u00e9 assaillis par les m\u00e9dias en sortant de la prison de Rangoun (Birmanie), o\u00f9 ils ont pass\u00e9 plus de 500 jours en d\u00e9tention.\u00a0<em>\u00ab Je suis un journaliste et je vais continuer \u00bb<\/em>\u00a0\u00e0 travailler, a d\u00e9clar\u00e9 Wa Lone.\u00a0<em>\u00ab J\u2019ai h\u00e2te de retourner \u00e0 la r\u00e9daction \u00bb<\/em>\u00a0et de\u00a0<em>\u00ab revoir ma famille et mes coll\u00e8gues \u00bb<\/em>, a ajout\u00e9 le journaliste.<\/p>\n<p>Dans un communiqu\u00e9, l\u2019ONU a salu\u00e9 leur lib\u00e9ration obtenue dans le cadre d\u2019une gr\u00e2ce pr\u00e9sidentielle.\u00a0Il s\u2019agit d\u2019<em>\u00ab un pas vers une plus grande libert\u00e9 de la presse et un signe de l\u2019engagement du gouvernement en faveur de la transition d\u00e9mocratique en Birmanie \u00bb,\u00a0<\/em>a soulign\u00e9 l\u2019Organisation des Nations Unies.<\/p>\n<h2>Des reporters \u00ab pi\u00e9g\u00e9s \u00bb<\/h2>\n<p>Au moment de leur arrestation, en d\u00e9cembre 2017, Wa Lone et Kyaw Soe Oo enqu\u00eataient sur un massacre de\u00a0<a href=\"https:\/\/www.francetvinfo.fr\/monde\/asie\/rohingyas\/video-rohingyas-les-damnes-de-birmanie_2413901.html\">Rohingyas<\/a>\u00a0\u00e0 Inn Din, un village du nord de l\u2019Etat Rakhine. Cette enqu\u00eate\u00a0leur a valu\u00a0le prix Pulitzer, plus haute r\u00e9compense du journalisme aux Etats-Unis. Ils ont \u00e9galement \u00e9t\u00e9 distingu\u00e9s par l\u2019Unesco et d\u00e9sign\u00e9s, aux c\u00f4t\u00e9s de plusieurs confr\u00e8res, personnalit\u00e9s de l\u2019ann\u00e9e 2018 par le magazine\u00a0<em>Time<\/em>.\u00a0<\/p>\n<p>Les journalistes\u00a0ont \u00e9t\u00e9\u00a0<a href=\"https:\/\/www.francetvinfo.fr\/monde\/asie\/rohingyas\/birmanie-deux-journalistes-de-reuters-condamnes-a-sept-ans-de-prison-pour-avoir-enquete-sur-un-massacre-de-rohingyas_2923021.html\">condamn\u00e9s<\/a>\u00a0pour avoir enfreint la loi birmane sur les secrets d\u2019Etat, qui date de l\u2019\u00e9poque coloniale. Ils \u00e9taient accus\u00e9s de s\u2019\u00eatre procur\u00e9 des documents classifi\u00e9s, relatifs aux op\u00e9rations des forces de s\u00e9curit\u00e9 birmanes dans l\u2019Etat Rakhine, r\u00e9gion du nord-ouest de la Birmanie\u00a0et\u00a0th\u00e9\u00e2tre des exactions \u00e0 l\u2019encontre de la minorit\u00e9 musulmane rohingya.<\/p>\n<p>Les deux reporters ont toujours assur\u00e9 avoir \u00e9t\u00e9 tromp\u00e9s. L\u2019un des policiers qui a t\u00e9moign\u00e9 dans ce dossier a reconnu que le rendez-vous au cours duquel les documents classifi\u00e9s leur avaient \u00e9t\u00e9 remis \u00e9tait un \u00ab pi\u00e8ge \u00bb destin\u00e9 \u00e0 les emp\u00eacher de poursuivre leur travail. Depuis, l\u2019arm\u00e9e a reconnu que des exactions avaient bien eu lieu trois mois plus t\u00f4t et sept militaires ont \u00e9t\u00e9 condamn\u00e9s \u00e0 dix ans de prison.<\/p>\n<h2>Indignation internationale<\/h2>\n<p>La Cour supr\u00eame birmane avait rejet\u00e9 d\u00e9but mai le recours des deux journalistes de Reuters, dont la condamnation avait soulev\u00e9 un toll\u00e9 international.<\/p>\n<p>De nombreux d\u00e9fenseurs des droits humains avaient exhort\u00e9 la prix Nobel de la paix,\u00a0<a href=\"https:\/\/www.francetvinfo.fr\/monde\/asie\/rohingyas\/aung-san-suu-kyi-dechue-du-prix-d-ambassadrice-de-conscience-par-amnesty-international_3031419.html\">Aung San Suu Kyi<\/a>, cheffe de facto du gouvernement birman, \u00e0 user de son influence pour que les deux journalistes obtiennent une gr\u00e2ce pr\u00e9sidentielle. Mais elle avait jusqu\u2019\u00e0 pr\u00e9sent refus\u00e9 d\u2019intervenir, invoquant l\u2019ind\u00e9pendance de la justice.<\/p>\n<p>D\u00e9j\u00e0 tr\u00e8s critiqu\u00e9e pour ses silences sur le drame rohingya, elle avait m\u00eame justifi\u00e9 l\u2019emprisonnement des deux hommes non\u00a0<em>\u00ab pas parce que c\u2019\u00e9taient des journalistes \u00bb<\/em>\u00a0mais\u00a0<em>\u00ab parce qu\u2019ils avaient enfreint \u00bb<\/em>\u00a0la loi.\u00a0<\/p>\n<p>franceinfo<\/p>\n<p class=\"dpsp-share-text\">Partager c&rsquo;est aimer!<\/p>\n<div class=\"wp-post-author-wrap wp-post-author-shortcode left\">\n<h3 class=\"awpa-title\"\/>\n<div class=\"wp-post-author\">\n<div class=\"awpa-img awpa-author-block square\"><a href=\"http:\/\/lexpertjournal.net\/fr\/author\/expert\/\"><img loading=\"lazy\" decoding=\"async\" alt=\"\" src=\"http:\/\/2.gravatar.com\/avatar\/56d99be2a6f97af88ccb49fada637fcd?s=150&#038;d=mm&#038;r=g\" srcset=\"http:\/\/2.gravatar.com\/avatar\/56d99be2a6f97af88ccb49fada637fcd?s=300&#038;d=mm&#038;r=g 2x\" class=\"avatar avatar-150 photo\" height=\"150\" width=\"150\"\/><\/a><\/div>\n<\/div>\n<\/div>\n<p>Auteur: L&rsquo;expert<br \/>\n<a href=\"http:\/\/lexpertjournal.net\/fr\/2019\/05\/07\/birmanie-deux-journalistes-de-reuters-liberes-apres-plus-de-500-jours-en-prison\/\">Cliquez ici pour lire l&rsquo;article depuis sa source.<\/a><\/p>\n","protected":false},"excerpt":{"rendered":"<p>Les journalistes\u00a0ont \u00e9t\u00e9 condamn\u00e9s \u00e0 sept ans de prison pour avoir enfreint la loi birmane sur les secrets d\u2019Etat, qui date de l\u2019\u00e9poque coloniale.\u00a0Ils \u00e9taient accus\u00e9s de s\u2019\u00eatre procur\u00e9 des documents classifi\u00e9s, dans le cadre d\u2019une enqu\u00eate sur un massacre de musulmans rohingyas.\u00a0 Ils sont d\u00e9sormais libres, apr\u00e8s plus de 500 jours de d\u00e9tention. Wa [&hellip;]<\/p>\n","protected":false},"author":1775,"featured_media":0,"comment_status":"closed","ping_status":"closed","sticky":false,"template":"","format":"standard","meta":{"fifu_image_url":"","fifu_image_alt":"","footnotes":""},"categories":[78,55],"tags":[],"class_list":["post-32701","post","type-post","status-publish","format-standard","hentry","category-economie","category-tunisie"],"_links":{"self":[{"href":"https:\/\/linitiative.ca\/International\/wp-json\/wp\/v2\/posts\/32701","targetHints":{"allow":["GET"]}}],"collection":[{"href":"https:\/\/linitiative.ca\/International\/wp-json\/wp\/v2\/posts"}],"about":[{"href":"https:\/\/linitiative.ca\/International\/wp-json\/wp\/v2\/types\/post"}],"author":[{"embeddable":true,"href":"https:\/\/linitiative.ca\/International\/wp-json\/wp\/v2\/users\/1775"}],"replies":[{"embeddable":true,"href":"https:\/\/linitiative.ca\/International\/wp-json\/wp\/v2\/comments?post=32701"}],"version-history":[{"count":0,"href":"https:\/\/linitiative.ca\/International\/wp-json\/wp\/v2\/posts\/32701\/revisions"}],"wp:attachment":[{"href":"https:\/\/linitiative.ca\/International\/wp-json\/wp\/v2\/media?parent=32701"}],"wp:term":[{"taxonomy":"category","embeddable":true,"href":"https:\/\/linitiative.ca\/International\/wp-json\/wp\/v2\/categories?post=32701"},{"taxonomy":"post_tag","embeddable":true,"href":"https:\/\/linitiative.ca\/International\/wp-json\/wp\/v2\/tags?post=32701"}],"curies":[{"name":"wp","href":"https:\/\/api.w.org\/{rel}","templated":true}]}}