{"id":32711,"date":"2019-05-07T07:00:00","date_gmt":"2019-05-07T11:00:00","guid":{"rendered":"https:\/\/linitiative.ca\/International\/melzi-place-sous-mandat-depot-a-el-harrach\/"},"modified":"2019-05-07T07:00:00","modified_gmt":"2019-05-07T11:00:00","slug":"melzi-place-sous-mandat-depot-a-el-harrach","status":"publish","type":"post","link":"https:\/\/linitiative.ca\/International\/melzi-place-sous-mandat-depot-a-el-harrach\/","title":{"rendered":"Melzi plac\u00e9 sous mandat d\u00e9p\u00f4t \u00e0 El Harrach"},"content":{"rendered":"<div id=\"originalText\" readability=\"51\">\n<p>L\u2019ex-directeur g\u00e9n\u00e9ral de la r\u00e9sidence d\u2019\u00c9tat Sahel de Club-des-Pins et de la Soci\u00e9t\u00e9 d\u2019investissement h\u00f4telier (SIH), Hamid Melzi, a \u00e9t\u00e9 plac\u00e9 sous mandat d\u00e9p\u00f4t, \u00e0 la prison d\u2019El Harrach, t\u00f4t dans la matin\u00e9e de ce mardi, a confirm\u00e9 Libert\u00e9 aupr\u00e8s de sources concordantes.\u00a0 \u00a0<\/p>\n<p>Arr\u00eat\u00e9 samedi dernier, Abdelhamid Melzi a \u00e9t\u00e9 plac\u00e9 en garde \u00e0 vue pendant 72 heures, avant d\u2019\u00eatre pr\u00e9sent\u00e9 devant le tribunal de Sidi M\u2019hamed, \u00e0 Alger, jusqu\u2019\u00e0 tard dans la soir\u00e9e d\u2019hier lundi. \u00a0<\/p>\n<p>Selon nos sources, le mis en cause est poursuivi pour \u00abespionnage \u00e9conomique\u00bb.<\/p>\n<p class=\"c10\"><strong>R\u00e9daction Web<\/strong><\/p>\n<\/div>\n<div id=\"text_core\" readability=\"51\">\n<p>L\u2019ex-directeur g\u00e9n\u00e9ral de la r\u00e9sidence d\u2019\u00c9tat Sahel de Club-des-Pins et de la Soci\u00e9t\u00e9 d\u2019investissement h\u00f4telier (SIH), Hamid Melzi, a \u00e9t\u00e9 plac\u00e9 sous mandat d\u00e9p\u00f4t, \u00e0 la prison d\u2019El Harrach, t\u00f4t dans la matin\u00e9e de ce mardi, a confirm\u00e9 Libert\u00e9 aupr\u00e8s de sources concordantes.\u00a0 \u00a0<\/p>\n<p>Arr\u00eat\u00e9 samedi dernier, Abdelhamid Melzi a \u00e9t\u00e9 plac\u00e9 en garde \u00e0 vue pendant 72 heures, avant d\u2019\u00eatre pr\u00e9sent\u00e9 devant le tribunal de Sidi M\u2019hamed, \u00e0 Alger, jusqu\u2019\u00e0 tard dans la soir\u00e9e d\u2019hier lundi. \u00a0<\/p>\n<p>Selon nos sources, le mis en cause est poursuivi pour \u00abespionnage \u00e9conomique\u00bb.<\/p>\n<p class=\"c10\"><strong>R\u00e9daction Web<\/strong><\/p>\n<\/div>\n<p>Auteur:<br \/>\n<a href=\"https:\/\/www.liberte-algerie.com\/actualite\/melzi-place-sous-mandat-depot-a-el-harrach-315363\">Cliquez ici pour lire l&rsquo;article depuis sa source.<\/a><\/p>\n","protected":false},"excerpt":{"rendered":"<p>L\u2019ex-directeur g\u00e9n\u00e9ral de la r\u00e9sidence d\u2019\u00c9tat Sahel de Club-des-Pins et de la Soci\u00e9t\u00e9 d\u2019investissement h\u00f4telier (SIH), Hamid Melzi, a \u00e9t\u00e9 plac\u00e9 sous mandat d\u00e9p\u00f4t, \u00e0 la prison d\u2019El Harrach, t\u00f4t dans la matin\u00e9e de ce mardi, a confirm\u00e9 Libert\u00e9 aupr\u00e8s de sources concordantes.\u00a0 \u00a0 Arr\u00eat\u00e9 samedi dernier, Abdelhamid Melzi a \u00e9t\u00e9 plac\u00e9 en garde \u00e0 [&hellip;]<\/p>\n","protected":false},"author":1742,"featured_media":0,"comment_status":"closed","ping_status":"closed","sticky":false,"template":"","format":"standard","meta":{"fifu_image_url":"","fifu_image_alt":"","footnotes":""},"categories":[73,53],"tags":[],"class_list":["post-32711","post","type-post","status-publish","format-standard","hentry","category-actualite","category-algerie"],"_links":{"self":[{"href":"https:\/\/linitiative.ca\/International\/wp-json\/wp\/v2\/posts\/32711","targetHints":{"allow":["GET"]}}],"collection":[{"href":"https:\/\/linitiative.ca\/International\/wp-json\/wp\/v2\/posts"}],"about":[{"href":"https:\/\/linitiative.ca\/International\/wp-json\/wp\/v2\/types\/post"}],"author":[{"embeddable":true,"href":"https:\/\/linitiative.ca\/International\/wp-json\/wp\/v2\/users\/1742"}],"replies":[{"embeddable":true,"href":"https:\/\/linitiative.ca\/International\/wp-json\/wp\/v2\/comments?post=32711"}],"version-history":[{"count":0,"href":"https:\/\/linitiative.ca\/International\/wp-json\/wp\/v2\/posts\/32711\/revisions"}],"wp:attachment":[{"href":"https:\/\/linitiative.ca\/International\/wp-json\/wp\/v2\/media?parent=32711"}],"wp:term":[{"taxonomy":"category","embeddable":true,"href":"https:\/\/linitiative.ca\/International\/wp-json\/wp\/v2\/categories?post=32711"},{"taxonomy":"post_tag","embeddable":true,"href":"https:\/\/linitiative.ca\/International\/wp-json\/wp\/v2\/tags?post=32711"}],"curies":[{"name":"wp","href":"https:\/\/api.w.org\/{rel}","templated":true}]}}