{"id":32716,"date":"2019-05-07T09:30:50","date_gmt":"2019-05-07T13:30:50","guid":{"rendered":"https:\/\/linitiative.ca\/International\/marrakech-safi-un-taux-de-132-des-actifs-ages-de-15-ans-et-plus-au-t1-2019\/"},"modified":"2019-05-07T09:30:50","modified_gmt":"2019-05-07T13:30:50","slug":"marrakech-safi-un-taux-de-132-des-actifs-ages-de-15-ans-et-plus-au-t1-2019","status":"publish","type":"post","link":"https:\/\/linitiative.ca\/International\/marrakech-safi-un-taux-de-132-des-actifs-ages-de-15-ans-et-plus-au-t1-2019\/","title":{"rendered":"Marrakech-Safi: Un taux de 13,2% des actifs \u00e2g\u00e9s de 15 ans et plus au T1-2019"},"content":{"rendered":"<div readability=\"36\">\n<p>Marrakech \u2013 La situation r\u00e9gionale du march\u00e9 de travail au cours du premier trimestre 2019 fait ressortir que cinq r\u00e9gions du Royaume abritent 72,2% de l\u2019ensemble des actifs \u00e2g\u00e9s de 15 ans et plus, indique le Haut-commissariat au Plan (HCP).<\/p>\n<\/div>\n<div readability=\"91\">\n<p>La r\u00e9gion de Marrakech-Safi (13,2%) vient en 3\u00e8me position apr\u00e8s celles de Casablanca-Settat avec 22,6% d\u2019actifs (1\u00e8re position) et Rabat-Sal\u00e9-K\u00e9nitra (13,7%), alors que la r\u00e9gion de F\u00e8s-Mekn\u00e8s (11,7%) a occup\u00e9 la 4\u00e8me place, suivie de Tanger-T\u00e9touan-Al Hoceima (11%), pr\u00e9cise le HCP dans une note sur la situation du march\u00e9 du travail au T1-2019.<\/p>\n<p>Cette note fait \u00e9galement remarquer que quatre r\u00e9gions affichent des taux d\u2019activit\u00e9 plus \u00e9lev\u00e9s que la moyenne nationale (46,2%), \u00e0 savoir Eddakhla-Oued Eddahab (67,7%), Casablanca-Settat (49,4%), Marrakech-Safi (47,9%) et Tanger-T\u00e9touan-Al Hoceima (46,6%).<\/p>\n<p>Quant aux taux d\u2019activit\u00e9 les plus bas, ils sont enregistr\u00e9s dans les r\u00e9gions de Laayoune-Sakia El Hamra (42,1%) et de Souss-Massa (43,3%), ajoute la m\u00eame source.<\/p>\n<p>Par ailleurs, le HCP rel\u00e8ve qu\u2019environ les trois quarts des ch\u00f4meurs (71,5%) sont concentr\u00e9s dans cinq r\u00e9gions (22,8% de ch\u00f4meurs \u00e0 Casablanca-Settat, 16,8% \u00e0 Rabat-Sal\u00e9-K\u00e9nitra, 11,7% \u00e0 F\u00e8s-Mekn\u00e8s, 11% \u00e0 l\u2019Oriental et 9,2% \u00e0 Marrakech-Safi), soulignant que les taux de ch\u00f4mage les plus \u00e9lev\u00e9s sont observ\u00e9s dans les r\u00e9gions de Guelmim-Oued Noun (20,8%) de l\u2019Oriental (16,3%), et avec moins d\u2019acuit\u00e9, quatre autres r\u00e9gions d\u00e9passent la moyenne nationale (10%) \u00e0 savoir Laayoune-Sakia El Hamra (14,8%), Rabat-Sal\u00e9-K\u00e9nitra (12,2%), Souss-Massa (12%) et Casablanca-Settat (10,1%).<\/p>\n<p>En revanche, les taux les plus bas sont relev\u00e9s dans les r\u00e9gions de Dr\u00e2a-Tafilalet (5,6%) et de B\u00e9ni Mellal- Kh\u00e9nifra (5,9%).<\/p>\n<\/div>\n<p>Auteur: Meriem IGASS<br \/>\n<a href=\"http:\/\/www.mapmarrakech.ma\/fr\/marrakech-safi-un-taux-de-132-des-actifs-ages-de-15-ans-et-plus-au-t1-2019\/\">Cliquez ici pour lire l&rsquo;article depuis sa source.<\/a><\/p>\n","protected":false},"excerpt":{"rendered":"<p>Marrakech \u2013 La situation r\u00e9gionale du march\u00e9 de travail au cours du premier trimestre 2019 fait ressortir que cinq r\u00e9gions du Royaume abritent 72,2% de l\u2019ensemble des actifs \u00e2g\u00e9s de 15 ans et plus, indique le Haut-commissariat au Plan (HCP). La r\u00e9gion de Marrakech-Safi (13,2%) vient en 3\u00e8me position apr\u00e8s celles de Casablanca-Settat avec 22,6% [&hellip;]<\/p>\n","protected":false},"author":1788,"featured_media":0,"comment_status":"closed","ping_status":"closed","sticky":false,"template":"","format":"standard","meta":{"fifu_image_url":"","fifu_image_alt":"","footnotes":""},"categories":[54,76],"tags":[],"class_list":["post-32716","post","type-post","status-publish","format-standard","hentry","category-maroc","category-regions"],"_links":{"self":[{"href":"https:\/\/linitiative.ca\/International\/wp-json\/wp\/v2\/posts\/32716","targetHints":{"allow":["GET"]}}],"collection":[{"href":"https:\/\/linitiative.ca\/International\/wp-json\/wp\/v2\/posts"}],"about":[{"href":"https:\/\/linitiative.ca\/International\/wp-json\/wp\/v2\/types\/post"}],"author":[{"embeddable":true,"href":"https:\/\/linitiative.ca\/International\/wp-json\/wp\/v2\/users\/1788"}],"replies":[{"embeddable":true,"href":"https:\/\/linitiative.ca\/International\/wp-json\/wp\/v2\/comments?post=32716"}],"version-history":[{"count":0,"href":"https:\/\/linitiative.ca\/International\/wp-json\/wp\/v2\/posts\/32716\/revisions"}],"wp:attachment":[{"href":"https:\/\/linitiative.ca\/International\/wp-json\/wp\/v2\/media?parent=32716"}],"wp:term":[{"taxonomy":"category","embeddable":true,"href":"https:\/\/linitiative.ca\/International\/wp-json\/wp\/v2\/categories?post=32716"},{"taxonomy":"post_tag","embeddable":true,"href":"https:\/\/linitiative.ca\/International\/wp-json\/wp\/v2\/tags?post=32716"}],"curies":[{"name":"wp","href":"https:\/\/api.w.org\/{rel}","templated":true}]}}