{"id":32717,"date":"2019-05-07T10:05:49","date_gmt":"2019-05-07T14:05:49","guid":{"rendered":"https:\/\/linitiative.ca\/International\/le-service-des-urgences-de-lhopital-arrazi-de-marrakech-fait-peau-neuve\/"},"modified":"2019-05-07T10:05:49","modified_gmt":"2019-05-07T14:05:49","slug":"le-service-des-urgences-de-lhopital-arrazi-de-marrakech-fait-peau-neuve","status":"publish","type":"post","link":"https:\/\/linitiative.ca\/International\/le-service-des-urgences-de-lhopital-arrazi-de-marrakech-fait-peau-neuve\/","title":{"rendered":"Le service des urgences de l\u2019h\u00f4pital Arrazi de Marrakech fait peau neuve"},"content":{"rendered":"<div readability=\"35\">\n<p>Marrakech \u2013 Le service des urgences de l\u2019h\u00f4pital Arrazi relevant du Centre hospitalier universitaire (CHU) Mohammed VI de Marrakech a \u00e9t\u00e9 rouvert mardi, apr\u00e8s avoir b\u00e9n\u00e9fici\u00e9 de travaux de r\u00e9am\u00e9nagement et de mise \u00e0 niveau.<\/p>\n<\/div>\n<div readability=\"69\">\n<p>Les travaux de r\u00e9am\u00e9nagement et de mise \u00e0 niveau de ce service, dont la c\u00e9r\u00e9monie de r\u00e9ouverture officielle s\u2019est d\u00e9roul\u00e9e en pr\u00e9sence du wali de la r\u00e9gion Marrakech-Safi, Karim Kassi-Lahlou, permettront une am\u00e9lioration des prestations et des conditions de travail des soignants et une meilleure prise en charge des patients.<\/p>\n<p>\u00ab\u00a0D\u00e9sormais, le service des urgences r\u00e9pond aux normes de qualit\u00e9 requises du point de vue des b\u00e2timents, \u00e9quipements et des circuits cr\u00e9\u00e9s\u00a0\u00bb, a indiqu\u00e9 le directeur g\u00e9n\u00e9ral du CHU Mohammed VI, Lahcen Boukhanni.<\/p>\n<p>Dans une d\u00e9claration \u00e0 la MAP, M. Boukhanni a tenu \u00e0 rappeler que depuis le d\u00e9marrage du service des urgences de l\u2019h\u00f4pital Arrazi en 2014, les locaux ont connu des d\u00e9gradations notamment au niveau de la peinture, menuiseries, plomberie et \u00e9lectricit\u00e9, ce qui a n\u00e9cessit\u00e9 l\u2019arr\u00eat et le transfert des activit\u00e9s de ce service vers l\u2019h\u00f4pital Ibn Tofail.<\/p>\n<p>Les travaux de r\u00e9am\u00e9nagement et de mise \u00e0 niveau ont n\u00e9cessit\u00e9 pr\u00e8s de 1,1 millions de DH. Ces travaux permettront une meilleure prise en charge des patients et la cr\u00e9ation d\u2019une salle permettant le triage des patients selon leur cas (type et de degr\u00e9 des urgences d\u2019un patient).<\/p>\n<p>Les travaux de climatisation et de renouvellement d\u2019air du service des urgences, qui ont n\u00e9cessit\u00e9 des investissements de l\u2019ordre de 2 millions de DH, permettront de leur c\u00f4t\u00e9, une meilleure prise en charge des patients et assureront une qualit\u00e9 d\u2019air au service notamment pendant la p\u00e9riode des canicules.<\/p>\n<\/div>\n<p>Auteur: Meriem IGASS<br \/>\n<a href=\"http:\/\/www.mapmarrakech.ma\/fr\/le-service-des-urgences-de-lhopital-arrazi-de-marrakech-fait-peau-neuve\/\">Cliquez ici pour lire l&rsquo;article depuis sa source.<\/a><\/p>\n","protected":false},"excerpt":{"rendered":"<p>Marrakech \u2013 Le service des urgences de l\u2019h\u00f4pital Arrazi relevant du Centre hospitalier universitaire (CHU) Mohammed VI de Marrakech a \u00e9t\u00e9 rouvert mardi, apr\u00e8s avoir b\u00e9n\u00e9fici\u00e9 de travaux de r\u00e9am\u00e9nagement et de mise \u00e0 niveau. Les travaux de r\u00e9am\u00e9nagement et de mise \u00e0 niveau de ce service, dont la c\u00e9r\u00e9monie de r\u00e9ouverture officielle s\u2019est d\u00e9roul\u00e9e [&hellip;]<\/p>\n","protected":false},"author":1788,"featured_media":0,"comment_status":"closed","ping_status":"closed","sticky":false,"template":"","format":"standard","meta":{"fifu_image_url":"","fifu_image_alt":"","footnotes":""},"categories":[54,76],"tags":[],"class_list":["post-32717","post","type-post","status-publish","format-standard","hentry","category-maroc","category-regions"],"_links":{"self":[{"href":"https:\/\/linitiative.ca\/International\/wp-json\/wp\/v2\/posts\/32717","targetHints":{"allow":["GET"]}}],"collection":[{"href":"https:\/\/linitiative.ca\/International\/wp-json\/wp\/v2\/posts"}],"about":[{"href":"https:\/\/linitiative.ca\/International\/wp-json\/wp\/v2\/types\/post"}],"author":[{"embeddable":true,"href":"https:\/\/linitiative.ca\/International\/wp-json\/wp\/v2\/users\/1788"}],"replies":[{"embeddable":true,"href":"https:\/\/linitiative.ca\/International\/wp-json\/wp\/v2\/comments?post=32717"}],"version-history":[{"count":0,"href":"https:\/\/linitiative.ca\/International\/wp-json\/wp\/v2\/posts\/32717\/revisions"}],"wp:attachment":[{"href":"https:\/\/linitiative.ca\/International\/wp-json\/wp\/v2\/media?parent=32717"}],"wp:term":[{"taxonomy":"category","embeddable":true,"href":"https:\/\/linitiative.ca\/International\/wp-json\/wp\/v2\/categories?post=32717"},{"taxonomy":"post_tag","embeddable":true,"href":"https:\/\/linitiative.ca\/International\/wp-json\/wp\/v2\/tags?post=32717"}],"curies":[{"name":"wp","href":"https:\/\/api.w.org\/{rel}","templated":true}]}}