{"id":32720,"date":"2019-05-07T04:53:43","date_gmt":"2019-05-07T08:53:43","guid":{"rendered":"https:\/\/linitiative.ca\/International\/reouverture-de-la-mosquee-abou-merouane-el-cherif\/"},"modified":"2019-05-07T04:53:43","modified_gmt":"2019-05-07T08:53:43","slug":"reouverture-de-la-mosquee-abou-merouane-el-cherif","status":"publish","type":"post","link":"https:\/\/linitiative.ca\/International\/reouverture-de-la-mosquee-abou-merouane-el-cherif\/","title":{"rendered":"R\u00e9ouverture de la mosqu\u00e9e Abou Merouane El Ch\u00e9rif"},"content":{"rendered":"<div>\n<div class=\"K2FeedImage\"><img decoding=\"async\" src=\"http:\/\/www.aps.dz\/media\/k2\/items\/cache\/2a9d05de1501bcdfaee487076252d7ad_S.jpg\" alt=\"R\u00e9ouverture de la mosqu\u00e9e Abou Merouane El Ch\u00e9rif\"><\/div>\n<div class=\"K2FeedIntroText\">\n<p><strong>ANNABA &#8211; La mosqu\u00e9e Abou Merouane El Cherif, le plus vieux monument religieux et culturel de l&rsquo;antique Bouna (Annaba), a \u00e9t\u00e9 rouverte lundi aux fid\u00e8les et visiteurs d&rsquo;Annaba apr\u00e8s plus de 6 ans de fermeture pour des travaux de restauration et de r\u00e9habilitation.<\/strong><\/p>\n<\/div>\n<div class=\"K2FeedFullText\">\n<p>La restauration de cette mosqu\u00e9e, datant de la p\u00e9riode Ottomane et situ\u00e9e sur les hauteurs du vieux Bouna, \u00e0 la Place d&rsquo;armes, a \u00e9t\u00e9 lanc\u00e9e \u00e0 titre d&rsquo;urgence apr\u00e8s l&rsquo;effritement de ses murs d\u00e9cor\u00e9s de mosa\u00efques andalouses et l&rsquo;effondrement de certaines parties de son toit, selon les services de la direction des Equipements publics.<\/p>\n<p>Les travaux ont \u00e9t\u00e9 engag\u00e9s en mai 2013 dans le cadre du programme sp\u00e9cial du minist\u00e8re de la Culture d\u00e9di\u00e9 \u00e0 la restauration et \u00e0 la sauvegarde des monuments historiques, religieux et culturels, a-t-on rappel\u00e9.<\/p>\n<p>Ils ont concern\u00e9 la restauration et la r\u00e9habilitation de 3.000 m2 incluant le pav\u00e9, les murs, le toit et les diff\u00e9rents couloirs entourant la salle de pri\u00e8re outre l&rsquo;entretien des divers r\u00e9seaux, la r\u00e9fection de l&rsquo;\u00e9tanch\u00e9it\u00e9 et l&rsquo;am\u00e9nagement de nouvelles salles pour l&rsquo;enseignement du coran, les conf\u00e9rences et les manifestations culturelles diverses, les archives et les manuscrits, a ajout\u00e9 la m\u00eame source.<\/p>\n<p>L&rsquo;appel \u00e0 la pri\u00e8re retentissant de nouveau du minaret de la mosqu\u00e9e Abou Merouane El Cherif, en ce d\u00e9but du mois sacr\u00e9 du Ramadhan, a \u00e9mu beaucoup d&rsquo;Annabis et particuli\u00e8rement les habitants du centre-ville et de l&rsquo;antique Annaba pour lesquels ce monument est source de fiert\u00e9.<\/p>\n<p>La mosqu\u00e9e a \u00e9t\u00e9 b\u00e2tie durant la p\u00e9riode comprise entre l&rsquo;an 1033 et 1058 sous la direction du cheikh Abou Laith El Bouni, puis sous le r\u00e8gne des ottomans, la mosqu\u00e9e prend le nom du premier professeur qui y a enseign\u00e9, Abdelmalek Abou Merouane Ibn Ali El-Ezedri, et devient une v\u00e9ritable universit\u00e9 de toutes les sciences, selon les documents historiques de la direction de la Culture.<\/p>\n<p>Sous l&rsquo;occupation fran\u00e7aise, la mosqu\u00e9e est transform\u00e9e en h\u00f4pital militaire et a connu l&rsquo;am\u00e9nagement d&rsquo;autres structures en 1832.<\/p>\n<p>En 1946, les habitants d&rsquo;Annaba se r\u00e9approprient la mosqu\u00e9e afin d&rsquo;en prendre soin d&rsquo;autant que cet \u00e9difice est class\u00e9 parmi les plus anciens monuments islamiques d&rsquo;Alg\u00e9rie.<\/p>\n<p>A noter que cette mosqu\u00e9e poss\u00e8de une salle de pri\u00e8re d&rsquo;une capacit\u00e9 de 1000 places, une \u00e9cole coranique et des salles pour les multiples manifestations religieuses et culturelles.<\/p>\n<\/div>\n<\/div>\n<p>Auteur:<br \/>\n<a href=\"http:\/\/www.aps.dz\/regions\/89140-vieux-monument-d-annaba-reouverture-de-la-mosquee-abou-merouane-el-cherif\">Cliquez ici pour lire l&rsquo;article depuis sa source.<\/a><\/p>\n","protected":false},"excerpt":{"rendered":"<p>ANNABA &#8211; La mosqu\u00e9e Abou Merouane El Cherif, le plus vieux monument religieux et culturel de l&rsquo;antique Bouna (Annaba), a \u00e9t\u00e9 rouverte lundi aux fid\u00e8les et visiteurs d&rsquo;Annaba apr\u00e8s plus de 6 ans de fermeture pour des travaux de restauration et de r\u00e9habilitation. La restauration de cette mosqu\u00e9e, datant de la p\u00e9riode Ottomane et situ\u00e9e [&hellip;]<\/p>\n","protected":false},"author":1790,"featured_media":32721,"comment_status":"closed","ping_status":"closed","sticky":false,"template":"","format":"standard","meta":{"fifu_image_url":"","fifu_image_alt":"","footnotes":""},"categories":[53,76],"tags":[],"class_list":["post-32720","post","type-post","status-publish","format-standard","has-post-thumbnail","hentry","category-algerie","category-regions"],"_links":{"self":[{"href":"https:\/\/linitiative.ca\/International\/wp-json\/wp\/v2\/posts\/32720","targetHints":{"allow":["GET"]}}],"collection":[{"href":"https:\/\/linitiative.ca\/International\/wp-json\/wp\/v2\/posts"}],"about":[{"href":"https:\/\/linitiative.ca\/International\/wp-json\/wp\/v2\/types\/post"}],"author":[{"embeddable":true,"href":"https:\/\/linitiative.ca\/International\/wp-json\/wp\/v2\/users\/1790"}],"replies":[{"embeddable":true,"href":"https:\/\/linitiative.ca\/International\/wp-json\/wp\/v2\/comments?post=32720"}],"version-history":[{"count":0,"href":"https:\/\/linitiative.ca\/International\/wp-json\/wp\/v2\/posts\/32720\/revisions"}],"wp:featuredmedia":[{"embeddable":true,"href":"https:\/\/linitiative.ca\/International\/wp-json\/"}],"wp:attachment":[{"href":"https:\/\/linitiative.ca\/International\/wp-json\/wp\/v2\/media?parent=32720"}],"wp:term":[{"taxonomy":"category","embeddable":true,"href":"https:\/\/linitiative.ca\/International\/wp-json\/wp\/v2\/categories?post=32720"},{"taxonomy":"post_tag","embeddable":true,"href":"https:\/\/linitiative.ca\/International\/wp-json\/wp\/v2\/tags?post=32720"}],"curies":[{"name":"wp","href":"https:\/\/api.w.org\/{rel}","templated":true}]}}