{"id":32724,"date":"2019-05-07T12:26:24","date_gmt":"2019-05-07T16:26:24","guid":{"rendered":"https:\/\/linitiative.ca\/International\/tlemcen-causeries-conferences-et-concours-prevus-au-mois-du-ramadhan\/"},"modified":"2019-05-07T12:26:24","modified_gmt":"2019-05-07T16:26:24","slug":"tlemcen-causeries-conferences-et-concours-prevus-au-mois-du-ramadhan","status":"publish","type":"post","link":"https:\/\/linitiative.ca\/International\/tlemcen-causeries-conferences-et-concours-prevus-au-mois-du-ramadhan\/","title":{"rendered":"Tlemcen : causeries, conf\u00e9rences et concours pr\u00e9vus au mois du ramadhan"},"content":{"rendered":"<div>\n<div class=\"K2FeedImage\"><img decoding=\"async\" src=\"http:\/\/www.aps.dz\/media\/k2\/items\/cache\/8bb88417c1c7c4bceac4df0bc3fabbd4_S.jpg\" alt=\"Tlemcen : causeries, conf\u00e9rences et concours pr\u00e9vus au mois du ramadhan\"><\/div>\n<div class=\"K2FeedIntroText\">\n<p>TLEMCEN &#8211; La direction des affaires religieuses et wakfs de Tlemcen a programm\u00e9 des causeries, des conf\u00e9rences et des concours de r\u00e9citation du Coran au mois du ramadhan, a-t-on appris mardi de cette direction.<\/p>\n<\/div>\n<div class=\"K2FeedFullText\">\n<p>Le chef de service enseignement du Coran, formation et culture islamique, Ahmed Bendjemai a soulign\u00e9 que des causeries quotidiennes sont pr\u00e9vues au niveau des mosqu\u00e9es de la wilaya et \u00e0 la Grande mosqu\u00e9e de Tlemcen abordant la famille, la solidarit\u00e9 sociale et le comportement du je\u00fbneur au mois sacr\u00e9, qui seront anim\u00e9s par des imams apr\u00e8s la pri\u00e8re d\u2019El Asr.<\/p>\n<p>Ainsi, quatre conf\u00e9rences religieuses sont programm\u00e9es abordant, entre autres, les questions du fiqh en islam, les \u00e9v\u00e9nements et conqu\u00eates au mois de ramadhan et les bienfaits des dix derniers jours du ramadhan, par des imams dans le cadre de jumelage entre mosqu\u00e9es des 20 dairas en vue de sensibiliser les je\u00fbneurs aux bons comportements en ce mois sacr\u00e9.<\/p>\n<hr>\n<p><em><strong>Lire aussi:\u00a0<a href=\"http:\/\/www.aps.dz\/regions\/89135-alger-centre-ouverture-de-34-restaurants-par-les-scouts-musulmans-durant-ramadhan\"><span class=\"highlight\">Ramadhan<\/span>-Alger: ouverture de 34 restaurants par les Scouts musulmans<\/a><\/strong><\/em><\/p>\n<hr>\n<p>Il est pr\u00e9vu lors de ce mois sacr\u00e9, des activit\u00e9s au niveau de 7 \u00e9tablissements de r\u00e9\u00e9ducation r\u00e9partis entre les communes de Remchi (2), Ouled Mimoun (2), Ghazaouet, Sebdou et Tlemcen dont des causeries religieuses, des concours de r\u00e9citation du Coran destin\u00e9s aux d\u00e9tenus et autres sessions de fetwa sur les ondes de la radio de Tlemcen.<\/p>\n<p>Au programme de ce mois, le lancement des qualifications du concours de r\u00e9citation du Coran \u00e0 partir du 13 mai ouvert aux enfants et jeunes \u00e2g\u00e9s de 14 \u00e0 25 ans pour la r\u00e9citation de 15, 30 et 60 hizbs. La c\u00e9r\u00e9monie de remise des prix sera c\u00e9l\u00e9br\u00e9e la nuit du destin (Leilat El Qadr).<\/p>\n<\/div>\n<\/div>\n<p>Auteur:<br \/>\n<a href=\"http:\/\/www.aps.dz\/regions\/89166-tlemcen-causeries-conferences-et-concours-prevus-au-mois-du-ramadhan\">Cliquez ici pour lire l&rsquo;article depuis sa source.<\/a><\/p>\n","protected":false},"excerpt":{"rendered":"<p>TLEMCEN &#8211; La direction des affaires religieuses et wakfs de Tlemcen a programm\u00e9 des causeries, des conf\u00e9rences et des concours de r\u00e9citation du Coran au mois du ramadhan, a-t-on appris mardi de cette direction. Le chef de service enseignement du Coran, formation et culture islamique, Ahmed Bendjemai a soulign\u00e9 que des causeries quotidiennes sont pr\u00e9vues [&hellip;]<\/p>\n","protected":false},"author":1790,"featured_media":32725,"comment_status":"closed","ping_status":"closed","sticky":false,"template":"","format":"standard","meta":{"fifu_image_url":"","fifu_image_alt":"","footnotes":""},"categories":[53,76],"tags":[],"class_list":["post-32724","post","type-post","status-publish","format-standard","has-post-thumbnail","hentry","category-algerie","category-regions"],"_links":{"self":[{"href":"https:\/\/linitiative.ca\/International\/wp-json\/wp\/v2\/posts\/32724","targetHints":{"allow":["GET"]}}],"collection":[{"href":"https:\/\/linitiative.ca\/International\/wp-json\/wp\/v2\/posts"}],"about":[{"href":"https:\/\/linitiative.ca\/International\/wp-json\/wp\/v2\/types\/post"}],"author":[{"embeddable":true,"href":"https:\/\/linitiative.ca\/International\/wp-json\/wp\/v2\/users\/1790"}],"replies":[{"embeddable":true,"href":"https:\/\/linitiative.ca\/International\/wp-json\/wp\/v2\/comments?post=32724"}],"version-history":[{"count":0,"href":"https:\/\/linitiative.ca\/International\/wp-json\/wp\/v2\/posts\/32724\/revisions"}],"wp:featuredmedia":[{"embeddable":true,"href":"https:\/\/linitiative.ca\/International\/wp-json\/"}],"wp:attachment":[{"href":"https:\/\/linitiative.ca\/International\/wp-json\/wp\/v2\/media?parent=32724"}],"wp:term":[{"taxonomy":"category","embeddable":true,"href":"https:\/\/linitiative.ca\/International\/wp-json\/wp\/v2\/categories?post=32724"},{"taxonomy":"post_tag","embeddable":true,"href":"https:\/\/linitiative.ca\/International\/wp-json\/wp\/v2\/tags?post=32724"}],"curies":[{"name":"wp","href":"https:\/\/api.w.org\/{rel}","templated":true}]}}