{"id":32729,"date":"2019-05-07T05:30:00","date_gmt":"2019-05-07T09:30:00","guid":{"rendered":"https:\/\/linitiative.ca\/International\/le-groupe-vita-couture-diprints-simplante-a-tanger\/"},"modified":"2019-05-07T05:30:00","modified_gmt":"2019-05-07T09:30:00","slug":"le-groupe-vita-couture-diprints-simplante-a-tanger","status":"publish","type":"post","link":"https:\/\/linitiative.ca\/International\/le-groupe-vita-couture-diprints-simplante-a-tanger\/","title":{"rendered":"Le Groupe Vita Couture-Diprints s\u2019implante \u00e0 Tanger"},"content":{"rendered":"<div readability=\"37\">\n<p>Il vient d\u2019inaugurer deux usines de pr\u00eat-\u00e0-porter et d\u2019impression digitale<\/p>\n<p>Un investissement \u00e0 termes de 220 millions de DH<\/p>\n<p>A la cl\u00e9, 2.300 emplois directs et indirects<\/p>\n<\/div>\n<div readability=\"105\">\n<div class=\"dnd-atom-wrapper type-image context-sdl_editor_representation\" contenteditable=\"false\" readability=\"33.5\">\n<div class=\"dnd-drop-wrapper image\"><img loading=\"lazy\" decoding=\"async\" typeof=\"foaf:Image\" class=\"img-responsive\" src=\"https:\/\/www.leconomiste.com\/sites\/default\/files\/eco7\/public\/thumbnails\/image\/groupe-vita-couture-diprints-tanger-009.jpg\" width=\"660\" height=\"330\" alt=\"groupe-vita-couture-diprints-tanger-009.jpg\" title=\"groupe-vita-couture-diprints-tanger-009.jpg\"\/><\/div>\n<div class=\"dnd-legend-wrapper\" contenteditable=\"true\" readability=\"12\">\n<p class=\"rtejustify\">De gauche \u00e0 droite, Mohammed Boubouh, pr\u00e9sident fondateur du groupe Vita Couture-Diprints, et Moulay Hafid Elalamy, ministre de l\u2019Industrie et du Commerce <em>(Ph. Priv\u00e9e)<\/em><\/p>\n<\/div>\n<\/div>\n<p class=\"rtejustify\">Qui a dit que le secteur du textile \u00e9tait d\u00e9laiss\u00e9 par les investisseurs? En tout cas pas le groupe industriel Vita Couture-Diprints. Plut\u00f4t qu\u2019une, ce sont deux usines qu\u2019il a officiellement inaugur\u00e9es, vendredi 3 mai, au niveau de Tanger Free Zone. Il s\u2019agit de Diprints et de Vita Conf. Deux unit\u00e9s industrielles sp\u00e9cialis\u00e9es dans la confection de pr\u00eat-\u00e0-porter f\u00e9minin en Fast Fashion et l\u2019impression digitale sur tissu.<\/p>\n<p class=\"rtejustify\">Fruit d\u2019une joint-venture entre le groupe espagnol de textile Santandarina, Diprints est sp\u00e9cialis\u00e9e dans l\u2019impression num\u00e9rique. La soci\u00e9t\u00e9, qui a n\u00e9cessit\u00e9 un investissement de 90 millions de DH, emploie 110 salari\u00e9s.<\/p>\n<p class=\"rtejustify\">Utilisant le dernier cri des technologies d\u2019impression digitale sur tissu, elle est en mesure de reproduire tous types de graphismes ou de photos avec un rendu de qualit\u00e9 optimale, souligne son management, r\u00e9pondant ainsi aux besoins des entreprises de l\u2019\u00e9cosyst\u00e8me de l\u2019habillement dans toutes les r\u00e9gions du Maroc en termes de r\u00e9activit\u00e9 et de comp\u00e9titivit\u00e9.<\/p>\n<p class=\"rtejustify\">Vita Conf, deuxi\u00e8me composante du projet, est sp\u00e9cialis\u00e9e dans l\u2019habillement. Elle s\u2019est engag\u00e9e avec l\u2019Etat \u00e0 r\u00e9aliser un investissement de 88 millions de DH et \u00e0 cr\u00e9er 2.170 emplois directs et indirects.<\/p>\n<p class=\"rtejustify\">La production du groupe Vita Couture-Diprints est exclusivement orient\u00e9e export pour accompagner les grandes marques de pr\u00eat-\u00e0-porter \u00e0 construire leur collections de v\u00eatements pour femmes et filles. Elle offre des solutions sur mesure que ce soit en produit fini (picking) ou de cotraitance.<\/p>\n<p class=\"rtejustify\">Le groupe est int\u00e9gr\u00e9 car il assure toute la cha\u00eene de valeur, depuis le design, le d\u00e9veloppement et la fabrication des diff\u00e9rentes collections, en passant par le sourcing des tissus et accessoires. Ce qui est plut\u00f4t rare dans le secteur du textile.<\/p>\n<p class=\"rtejustify\">Vita Couture-Diprints s\u2019est install\u00e9 sur une superficie de 23.000 m2 et dispose de 20 cha\u00eenes de couture \u00e9quip\u00e9es de mat\u00e9riel ultramoderne et de trois unit\u00e9s compl\u00e9mentaires. Ce qui induit une int\u00e9gration verticale depuis la production de l\u2019amont jusqu\u2019\u00e0 l\u2019export du produit fini \u00e0 travers Vita Conf, Diprints et Vita Couture Company, plateforme commerciale, de design et de d\u00e9veloppement.<\/p>\n<p class=\"rtejustify\">Pour Moulay Hafid Elalamay, ministre de l\u2019Industrie et du Commerce, qui \u00e9tait pr\u00e9sent lors de la c\u00e9r\u00e9monie d\u2019inauguration aux c\u00f4t\u00e9s de Mohammed Boubouh, pr\u00e9sident fondateur, \u00abnos activit\u00e9s s\u2019alignent sur les orientations de la strat\u00e9gie de l\u2019industrie du textile, visant \u00e0 int\u00e9grer davantage la cha\u00eene de valeur du secteur, de renforcer les capacit\u00e9s de production dans la fili\u00e8re marocaine de l\u2019habillement et de densifier l\u2019\u00e9cosyst\u00e8me textile Fast Fashion\u00bb.<\/p>\n<p class=\"rtejustify\">Pour le management du groupe, l\u2019implantation du projet est justifi\u00e9 par \u00able positionnement g\u00e9ographique de Tanger, ses infrastructures de qualit\u00e9 ainsi que la politique marocaine en Afrique permettant aux investisseurs d\u2019\u00e9largir leurs horizons et de diversifier leurs clients\u00bb. Selon lui, \u00able groupe dispose de machines d\u2019impression digitale de grande capacit\u00e9, uniques au Maroc, et d\u2019une unit\u00e9 de 20 lignes de confection\u00bb.<\/p>\n<p class=\"rtejustify\">Ce qui permet au groupe, poursuit-il, de d\u00e9crocher des commandes autrefois r\u00e9serv\u00e9es aux industriels espagnols et turcs gr\u00e2ce \u00e0 la ma\u00eetrise de la supply chain et d\u2019y r\u00e9pondre dans les plus brefs d\u00e9lais.<\/p>\n<p class=\"rtejustify\"><em>Hassan EL ARIF<\/em><\/p>\n<p class=\"rtejustify\">\u00a0<\/p>\n<\/div>\n<p>Auteur: hlafriqi<br \/>\n<a href=\"https:\/\/www.leconomiste.com\/article\/1044726-le-groupe-vita-couture-diprints-s-implante-tanger\">Cliquez ici pour lire l&rsquo;article depuis sa source.<\/a><\/p>\n","protected":false},"excerpt":{"rendered":"<p>Il vient d\u2019inaugurer deux usines de pr\u00eat-\u00e0-porter et d\u2019impression digitale Un investissement \u00e0 termes de 220 millions de DH A la cl\u00e9, 2.300 emplois directs et indirects De gauche \u00e0 droite, Mohammed Boubouh, pr\u00e9sident fondateur du groupe Vita Couture-Diprints, et Moulay Hafid Elalamy, ministre de l\u2019Industrie et du Commerce (Ph. Priv\u00e9e) Qui a dit que [&hellip;]<\/p>\n","protected":false},"author":1763,"featured_media":32730,"comment_status":"closed","ping_status":"closed","sticky":false,"template":"","format":"standard","meta":{"fifu_image_url":"","fifu_image_alt":"","footnotes":""},"categories":[78,54],"tags":[],"class_list":["post-32729","post","type-post","status-publish","format-standard","has-post-thumbnail","hentry","category-economie","category-maroc"],"_links":{"self":[{"href":"https:\/\/linitiative.ca\/International\/wp-json\/wp\/v2\/posts\/32729","targetHints":{"allow":["GET"]}}],"collection":[{"href":"https:\/\/linitiative.ca\/International\/wp-json\/wp\/v2\/posts"}],"about":[{"href":"https:\/\/linitiative.ca\/International\/wp-json\/wp\/v2\/types\/post"}],"author":[{"embeddable":true,"href":"https:\/\/linitiative.ca\/International\/wp-json\/wp\/v2\/users\/1763"}],"replies":[{"embeddable":true,"href":"https:\/\/linitiative.ca\/International\/wp-json\/wp\/v2\/comments?post=32729"}],"version-history":[{"count":0,"href":"https:\/\/linitiative.ca\/International\/wp-json\/wp\/v2\/posts\/32729\/revisions"}],"wp:featuredmedia":[{"embeddable":true,"href":"https:\/\/linitiative.ca\/International\/wp-json\/"}],"wp:attachment":[{"href":"https:\/\/linitiative.ca\/International\/wp-json\/wp\/v2\/media?parent=32729"}],"wp:term":[{"taxonomy":"category","embeddable":true,"href":"https:\/\/linitiative.ca\/International\/wp-json\/wp\/v2\/categories?post=32729"},{"taxonomy":"post_tag","embeddable":true,"href":"https:\/\/linitiative.ca\/International\/wp-json\/wp\/v2\/tags?post=32729"}],"curies":[{"name":"wp","href":"https:\/\/api.w.org\/{rel}","templated":true}]}}