{"id":32739,"date":"2019-05-07T06:30:00","date_gmt":"2019-05-07T10:30:00","guid":{"rendered":"https:\/\/linitiative.ca\/International\/elections-generales-espagnoles-quel-impact-sur-le-maroc\/"},"modified":"2019-05-07T06:30:00","modified_gmt":"2019-05-07T10:30:00","slug":"elections-generales-espagnoles-quel-impact-sur-le-maroc","status":"publish","type":"post","link":"https:\/\/linitiative.ca\/International\/elections-generales-espagnoles-quel-impact-sur-le-maroc\/","title":{"rendered":"Elections g\u00e9n\u00e9rales espagnoles: Quel impact sur le Maroc?"},"content":{"rendered":"<div readability=\"33\"><img loading=\"lazy\" decoding=\"async\" typeof=\"foaf:Image\" class=\"img-responsive\" src=\"https:\/\/www.leconomiste.com\/sites\/default\/files\/eco7\/public\/jawad_kerdoudi.jpg\" width=\"340\" height=\"400\" alt=\"\"\/><\/p>\n<p>Jawad Kerdoudi est pr\u00e9sident de l\u2019Imri (Institut marocain des relations internationales) (Ph. JK)\u00a0<\/p>\n<\/div>\n<div readability=\"111\">\n<p class=\"rtejustify\">Premier partenaire commercial du Maroc, l\u2019Espagne o\u00f9 vit une importante communaut\u00e9 marocaine a connu des \u00e9lections g\u00e9n\u00e9rales le dimanche 28 avril 2019 afin d\u2019\u00e9lire les 350 d\u00e9put\u00e9s et 266 s\u00e9nateurs des Cortes G\u00e9n\u00e9rales. Ce scrutin est convoqu\u00e9 par le pr\u00e9sident du gouvernement socialiste Pedro Sanchez, huit mois apr\u00e8s son arriv\u00e9e au pouvoir, et suite \u00e0 l\u2019adoption d\u2019une motion de censure contre le projet de loi de finances pour l\u2019ann\u00e9e 2019.<\/p>\n<p class=\"rtejustify\">Les principaux partis politiques espagnols sont le Parti populaire (droite) qui avait remport\u00e9 33% des voix lors des \u00e9lections de 2016, le PSOE (socialiste) avait remport\u00e9 22,6% des voix, et Podemos (extr\u00eame-gauche) 21,2% des voix. Les autres partis sont Ciudadanos (centre) avec 13,1% des voix, et un nouveau Parti d\u2019extr\u00eame-droite Vox qui avait remport\u00e9 0,2% des voix.<\/p>\n<p class=\"rtejustify\">Le plus inqui\u00e9tant dans la sc\u00e8ne politique espagnole est la cr\u00e9ation en 2013 du Parti Vox, alors que l\u2019Espagne se croyait immunis\u00e9e contre l\u2019extr\u00eame-droite depuis la dictature de Franco. En d\u00e9cembre 2018, Vox a remport\u00e9 11% des voix dans les \u00e9lections r\u00e9gionales andalouses, et en alliance avec le Parti populaire et Ciudadanos, avait permis de former le gouvernement r\u00e9gional d\u2019Andalousie.<\/p>\n<p class=\"rtejustify\">Les \u00e9lections du 28 avril 2019 ont connu une forte mobilisation puisque le taux de participation a atteint 75,78%. Le grand vainqueur du scrutin est Pedro Sanchez, chef du Parti socialiste ouvrier espagnol (PSOE) qui gagne 123 si\u00e8ges, soit 28,7% des suffrages. Le PSOE obtient m\u00eame la majorit\u00e9 au S\u00e9nat avec un gain de 122 si\u00e8ges sur 208.<\/p>\n<p class=\"rtejustify\">Plus \u00e0 gauche, Podemos ne gagne que 42 si\u00e8ges au lieu des 71 si\u00e8ges engrang\u00e9s en 2016. Le r\u00e9sultat le plus spectaculaire de ce scrutin est l\u2019effondrement du Parti populaire (PP), affaibli par les affaires de corruption, qui ne gagne que 66 d\u00e9put\u00e9s soit une perte de plus de la moiti\u00e9 de ses si\u00e8ges au Congr\u00e8s. Au centre, Ciudadanos progresse et passe de 32 \u00e0 57 si\u00e8ges. Quant \u00e0 Vox, le Parti d\u2019extr\u00eame-droite, il r\u00e9ussit \u00e0 entrer au Parlement avec 24 si\u00e8ges.<\/p>\n<div class=\"dnd-atom-wrapper type-image context-sdl_editor_representation\" contenteditable=\"false\">\n<div class=\"dnd-drop-wrapper image\"><img loading=\"lazy\" decoding=\"async\" typeof=\"foaf:Image\" class=\"img-responsive\" src=\"https:\/\/www.leconomiste.com\/sites\/default\/files\/eco7\/public\/thumbnails\/image\/espagne_009.jpg\" width=\"800\" height=\"837\" alt=\"espagne_009.jpg\" title=\"espagne_009.jpg\"\/><\/div>\n<\/div>\n<p class=\"rtejustify\">Ces r\u00e9sultats offrent \u00e0 Pedro Sanchez deux options pour former une coalition gouvernementale. La premi\u00e8re est une coalition PSOE-Ciudadanos qui assurerait avec 180 si\u00e8ges une majorit\u00e9 absolue au Parlement. Cette option est cependant tr\u00e8s improbable, Ciudadanos pr\u00e9f\u00e9rant rester dans l\u2019opposition.<\/p>\n<p class=\"rtejustify\">L\u2019autre option est celle de l\u2019alliance \u00e0 gauche avec Podemos, mais qui ne suffit pas \u00e0 avoir la majorit\u00e9 absolue, et qui n\u00e9cessite l\u2019int\u00e9gration des partis r\u00e9gionaux dont des ind\u00e9pendantistes. Pedro Sanchez va entreprendre les n\u00e9gociations qui ne seront pas conclues avant la nouvelle \u00e9ch\u00e9ance \u00e9lectorale du 26 mai prochain.<\/p>\n<div class=\"dnd-atom-wrapper type-image context-sdl_editor_representation atom-align-right\" contenteditable=\"false\" readability=\"33.5\">\n<div class=\"dnd-drop-wrapper image\"><img loading=\"lazy\" decoding=\"async\" typeof=\"foaf:Image\" class=\"img-responsive\" src=\"https:\/\/www.leconomiste.com\/sites\/default\/files\/eco7\/public\/thumbnails\/image\/pedro_sanchez_espagne_09.jpg\" width=\"340\" height=\"294\" alt=\"pedro_sanchez_espagne_09.jpg\" title=\"pedro_sanchez_espagne_09.jpg\"\/><\/div>\n<div class=\"dnd-legend-wrapper\" contenteditable=\"true\" readability=\"12\">\n<p class=\"rtejustify\">Le grand vainqueur de ce scrutin est Pedro Sanchez, chef du Parti socialiste ouvrier espagnol (PSOE) qui gagne 123 si\u00e8ges, soit 28,7% des suffrages. Le PSOE obtient m\u00eame la majorit\u00e9 au S\u00e9nat avec un gain de 122 si\u00e8ges sur 208<\/p>\n<\/div>\n<\/div>\n<p class=\"rtejustify\">Concernant l\u2019impact sur le Maroc, il n\u2019y a pas lieu de craindre un changement de politique du prochain gouvernement espagnol vis-\u00e0-vis de notre pays. En effet, les int\u00e9r\u00eats entre le Maroc et l\u2019Espagne sont tr\u00e8s forts aussi bien sur le plan \u00e9conomique que culturel et s\u00e9curitaire. D\u2019ailleurs, dans une r\u00e9cente tribune, Pedro Sanchez a d\u00e9clar\u00e9 \u00able progr\u00e8s et la prosp\u00e9rit\u00e9 du Maroc constituent un \u00e9l\u00e9ment d\u00e9cisif pour la stabilit\u00e9 de la M\u00e9diterran\u00e9e occidentale et en particulier pour l\u2019Espagne\u00bb.<\/p>\n<p class=\"rtejustify\">Il ajoute, dans la revue espagnole Politica Exterior (Mai-Juin 2019), que la coop\u00e9ration entretenue de part et d\u2019autre du d\u00e9troit de Gibraltar est \u00e0 \u00abdimension humaine et strat\u00e9gique entre deux pays amis qui coop\u00e8rent \u00e9troitement dans les domaines prioritaires\u00bb.\u00a0<\/p>\n<p class=\"rtejustify\">M\u00eame s\u2019il s\u2019allie avec le parti d\u2019extr\u00eame-gauche Podemos, il n\u2019y aura pas de changement de position du gouvernement espagnol sur la question du Sahara.<\/p>\n<div class=\"dnd-atom-wrapper type-image context-sdl_editor_representation atom-align-right\" contenteditable=\"false\">\n<div class=\"dnd-drop-wrapper image\"><img loading=\"lazy\" decoding=\"async\" typeof=\"foaf:Image\" class=\"img-responsive\" src=\"https:\/\/www.leconomiste.com\/sites\/default\/files\/eco7\/public\/thumbnails\/image\/logo_imri.jpg\" width=\"100\" height=\"75\" alt=\"logo_imri.jpg\" title=\"logo_imri.jpg\"\/><\/div>\n<\/div>\n<p class=\"rtejustify\">\u00a0<\/p>\n<\/div>\n<p>Auteur: hlafriqi<br \/>\n<a href=\"https:\/\/www.leconomiste.com\/article\/1044735-elections-generales-espagnoles-quel-impact-sur-le-maroc\">Cliquez ici pour lire l&rsquo;article depuis sa source.<\/a><\/p>\n","protected":false},"excerpt":{"rendered":"<p>Jawad Kerdoudi est pr\u00e9sident de l\u2019Imri (Institut marocain des relations internationales) (Ph. JK)\u00a0 Premier partenaire commercial du Maroc, l\u2019Espagne o\u00f9 vit une importante communaut\u00e9 marocaine a connu des \u00e9lections g\u00e9n\u00e9rales le dimanche 28 avril 2019 afin d\u2019\u00e9lire les 350 d\u00e9put\u00e9s et 266 s\u00e9nateurs des Cortes G\u00e9n\u00e9rales. Ce scrutin est convoqu\u00e9 par le pr\u00e9sident du gouvernement [&hellip;]<\/p>\n","protected":false},"author":1763,"featured_media":32740,"comment_status":"closed","ping_status":"closed","sticky":false,"template":"","format":"standard","meta":{"fifu_image_url":"","fifu_image_alt":"","footnotes":""},"categories":[78,54],"tags":[],"class_list":["post-32739","post","type-post","status-publish","format-standard","has-post-thumbnail","hentry","category-economie","category-maroc"],"_links":{"self":[{"href":"https:\/\/linitiative.ca\/International\/wp-json\/wp\/v2\/posts\/32739","targetHints":{"allow":["GET"]}}],"collection":[{"href":"https:\/\/linitiative.ca\/International\/wp-json\/wp\/v2\/posts"}],"about":[{"href":"https:\/\/linitiative.ca\/International\/wp-json\/wp\/v2\/types\/post"}],"author":[{"embeddable":true,"href":"https:\/\/linitiative.ca\/International\/wp-json\/wp\/v2\/users\/1763"}],"replies":[{"embeddable":true,"href":"https:\/\/linitiative.ca\/International\/wp-json\/wp\/v2\/comments?post=32739"}],"version-history":[{"count":0,"href":"https:\/\/linitiative.ca\/International\/wp-json\/wp\/v2\/posts\/32739\/revisions"}],"wp:featuredmedia":[{"embeddable":true,"href":"https:\/\/linitiative.ca\/International\/wp-json\/"}],"wp:attachment":[{"href":"https:\/\/linitiative.ca\/International\/wp-json\/wp\/v2\/media?parent=32739"}],"wp:term":[{"taxonomy":"category","embeddable":true,"href":"https:\/\/linitiative.ca\/International\/wp-json\/wp\/v2\/categories?post=32739"},{"taxonomy":"post_tag","embeddable":true,"href":"https:\/\/linitiative.ca\/International\/wp-json\/wp\/v2\/tags?post=32739"}],"curies":[{"name":"wp","href":"https:\/\/api.w.org\/{rel}","templated":true}]}}