{"id":32746,"date":"2019-05-07T15:13:58","date_gmt":"2019-05-07T19:13:58","guid":{"rendered":"https:\/\/linitiative.ca\/International\/afrique-maroc-genesio-pour-remplacer-herve-renard\/"},"modified":"2019-05-07T15:13:58","modified_gmt":"2019-05-07T19:13:58","slug":"afrique-maroc-genesio-pour-remplacer-herve-renard","status":"publish","type":"post","link":"https:\/\/linitiative.ca\/International\/afrique-maroc-genesio-pour-remplacer-herve-renard\/","title":{"rendered":"Afrique : Maroc : Genesio pour remplacer Herv\u00e9 Renard ?"},"content":{"rendered":"<div readability=\"32\">\n<p>Auteur : <span class=\"time\">mardi 07 mai 2019 12:24<\/span><\/p>\n<\/div>\n<div id=\"post_core\" readability=\"47\">\n<p>Selon les informations du journal L\u2019Equipe, Genesio plairait grandement \u00e0 la F\u00e9d\u00e9ration marocaine, qui souhaiterait en faire son nouveau directeur technique national (DTN). Dans l\u2019ombre du s\u00e9lectionneur Herv\u00e9 Renard, l\u2019actuel entra\u00eeneur des Gones pourrait donc assurer le bon d\u00e9veloppement des Lions de l\u2019Atlas. En attendant de prendre place sur le banc au cours des prochains mois ? Tout est possible alors que L&rsquo;Equipe annonce que Renard pourrait quitter son poste apr\u00e8s la prochaine CAN en Egypte comme le rapporte Maxifoot.<\/p>\n<p>N\u00e9anmoins, le Lyonnais de naissance n\u2019a jamais cach\u00e9 son envie de d\u00e9couvrir un autre championnat europ\u00e9en, et trouver un nouveau banc dans un club semblait \u00eatre sa priorit\u00e9, m\u00eame s\u2019il n\u2019\u00e9carte pas de prendre du repos et que l&rsquo;OL aimerait le garder dans sa cellule technique. Un d\u00e9part pour le Maroc demeure tr\u00e8s hypoth\u00e9tique pour le moment, mais pas impossible.<\/p>\n<p><strong>Publi\u00e9 dans :<\/strong> <span>maroc<\/span><\/p>\n<\/div>\n<p>Auteur:<br \/>\n<a href=\"http:\/\/www.lebuteur.com\/article\/detail?titre=maroc-genesio-pour-remplacer-herve-renard&#038;id=88596&#038;utm_source=feedburner&#038;utm_medium=feed&#038;utm_campaign=Feed%3A+GalerieFArtciles+%28Les+derniers+articles++-+lebuteur.com%29\">Cliquez ici pour lire l&rsquo;article depuis sa source.<\/a><\/p>\n","protected":false},"excerpt":{"rendered":"<p>Auteur : mardi 07 mai 2019 12:24 Selon les informations du journal L\u2019Equipe, Genesio plairait grandement \u00e0 la F\u00e9d\u00e9ration marocaine, qui souhaiterait en faire son nouveau directeur technique national (DTN). Dans l\u2019ombre du s\u00e9lectionneur Herv\u00e9 Renard, l\u2019actuel entra\u00eeneur des Gones pourrait donc assurer le bon d\u00e9veloppement des Lions de l\u2019Atlas. En attendant de prendre place [&hellip;]<\/p>\n","protected":false},"author":1738,"featured_media":32747,"comment_status":"closed","ping_status":"closed","sticky":false,"template":"","format":"standard","meta":{"fifu_image_url":"","fifu_image_alt":"","footnotes":""},"categories":[53,75],"tags":[],"class_list":["post-32746","post","type-post","status-publish","format-standard","has-post-thumbnail","hentry","category-algerie","category-sport"],"_links":{"self":[{"href":"https:\/\/linitiative.ca\/International\/wp-json\/wp\/v2\/posts\/32746","targetHints":{"allow":["GET"]}}],"collection":[{"href":"https:\/\/linitiative.ca\/International\/wp-json\/wp\/v2\/posts"}],"about":[{"href":"https:\/\/linitiative.ca\/International\/wp-json\/wp\/v2\/types\/post"}],"author":[{"embeddable":true,"href":"https:\/\/linitiative.ca\/International\/wp-json\/wp\/v2\/users\/1738"}],"replies":[{"embeddable":true,"href":"https:\/\/linitiative.ca\/International\/wp-json\/wp\/v2\/comments?post=32746"}],"version-history":[{"count":0,"href":"https:\/\/linitiative.ca\/International\/wp-json\/wp\/v2\/posts\/32746\/revisions"}],"wp:featuredmedia":[{"embeddable":true,"href":"https:\/\/linitiative.ca\/International\/wp-json\/"}],"wp:attachment":[{"href":"https:\/\/linitiative.ca\/International\/wp-json\/wp\/v2\/media?parent=32746"}],"wp:term":[{"taxonomy":"category","embeddable":true,"href":"https:\/\/linitiative.ca\/International\/wp-json\/wp\/v2\/categories?post=32746"},{"taxonomy":"post_tag","embeddable":true,"href":"https:\/\/linitiative.ca\/International\/wp-json\/wp\/v2\/tags?post=32746"}],"curies":[{"name":"wp","href":"https:\/\/api.w.org\/{rel}","templated":true}]}}