{"id":32748,"date":"2019-05-07T15:14:00","date_gmt":"2019-05-07T19:14:00","guid":{"rendered":"https:\/\/linitiative.ca\/International\/international-psg-un-international-algerien-pour-remplacer-meunier\/"},"modified":"2019-05-07T15:14:00","modified_gmt":"2019-05-07T19:14:00","slug":"international-psg-un-international-algerien-pour-remplacer-meunier","status":"publish","type":"post","link":"https:\/\/linitiative.ca\/International\/international-psg-un-international-algerien-pour-remplacer-meunier\/","title":{"rendered":"International : PSG : Un international alg\u00e9rien pour remplacer Meunier ?"},"content":{"rendered":"<div readability=\"32\">\n<p>Auteur : <span class=\"time\">mardi 07 mai 2019 12:26<\/span><\/p>\n<\/div>\n<div id=\"post_core\" readability=\"43\">\n<p>Et le club de la capitale fran\u00e7aise auraient deux pistes en Ligue 1 fran\u00e7aise : la premi\u00e8re m\u00e8ne du c\u00f4t\u00e9 de Nice. Excellent contre le PSG (1-1) le week-end dernier, Youcef Atal (22 ans, 26 matchs et 6 buts en L1 cette saison) pla\u00eet beaucoup aux d\u00e9cideurs parisiens, confirme France Football ce mardi. Courtis\u00e9 par plusieurs grands clubs (Chelsea, Bayern Munich, Atletico Madrid), le d\u00e9fenseur ni\u00e7ois ne devrait pas partir \u00e0 moins de 40 millions d&rsquo;euros comme l&rsquo;indique Maxifoot. La seconde concerne le Lillois Zeki \u00c7elik (22 ans, 32 matchs et 1 but en L1 cette saison). Belle trouvaille du LOSC l&rsquo;\u00e9t\u00e9 dernier, l&rsquo;international turc est estim\u00e9 \u00e0 20 millions d&rsquo;euros.<\/p>\n<p><strong>Publi\u00e9 dans :<\/strong> <span>PSG<\/span><\/p>\n<\/div>\n<p>Auteur:<br \/>\n<a href=\"http:\/\/www.lebuteur.com\/article\/detail?titre=psg-un-international-algerien-pour-remplacer-meunier&#038;id=88597&#038;utm_source=feedburner&#038;utm_medium=feed&#038;utm_campaign=Feed%3A+GalerieFArtciles+%28Les+derniers+articles++-+lebuteur.com%29\">Cliquez ici pour lire l&rsquo;article depuis sa source.<\/a><\/p>\n","protected":false},"excerpt":{"rendered":"<p>Auteur : mardi 07 mai 2019 12:26 Et le club de la capitale fran\u00e7aise auraient deux pistes en Ligue 1 fran\u00e7aise : la premi\u00e8re m\u00e8ne du c\u00f4t\u00e9 de Nice. Excellent contre le PSG (1-1) le week-end dernier, Youcef Atal (22 ans, 26 matchs et 6 buts en L1 cette saison) pla\u00eet beaucoup aux d\u00e9cideurs parisiens, [&hellip;]<\/p>\n","protected":false},"author":1738,"featured_media":32749,"comment_status":"closed","ping_status":"closed","sticky":false,"template":"","format":"standard","meta":{"fifu_image_url":"","fifu_image_alt":"","footnotes":""},"categories":[53,75],"tags":[],"class_list":["post-32748","post","type-post","status-publish","format-standard","has-post-thumbnail","hentry","category-algerie","category-sport"],"_links":{"self":[{"href":"https:\/\/linitiative.ca\/International\/wp-json\/wp\/v2\/posts\/32748","targetHints":{"allow":["GET"]}}],"collection":[{"href":"https:\/\/linitiative.ca\/International\/wp-json\/wp\/v2\/posts"}],"about":[{"href":"https:\/\/linitiative.ca\/International\/wp-json\/wp\/v2\/types\/post"}],"author":[{"embeddable":true,"href":"https:\/\/linitiative.ca\/International\/wp-json\/wp\/v2\/users\/1738"}],"replies":[{"embeddable":true,"href":"https:\/\/linitiative.ca\/International\/wp-json\/wp\/v2\/comments?post=32748"}],"version-history":[{"count":0,"href":"https:\/\/linitiative.ca\/International\/wp-json\/wp\/v2\/posts\/32748\/revisions"}],"wp:featuredmedia":[{"embeddable":true,"href":"https:\/\/linitiative.ca\/International\/wp-json\/"}],"wp:attachment":[{"href":"https:\/\/linitiative.ca\/International\/wp-json\/wp\/v2\/media?parent=32748"}],"wp:term":[{"taxonomy":"category","embeddable":true,"href":"https:\/\/linitiative.ca\/International\/wp-json\/wp\/v2\/categories?post=32748"},{"taxonomy":"post_tag","embeddable":true,"href":"https:\/\/linitiative.ca\/International\/wp-json\/wp\/v2\/tags?post=32748"}],"curies":[{"name":"wp","href":"https:\/\/api.w.org\/{rel}","templated":true}]}}