{"id":32750,"date":"2019-05-07T15:14:01","date_gmt":"2019-05-07T19:14:01","guid":{"rendered":"https:\/\/linitiative.ca\/International\/international-real-benzema-fait-le-bilan-de-sa-saison\/"},"modified":"2019-05-07T15:14:01","modified_gmt":"2019-05-07T19:14:01","slug":"international-real-benzema-fait-le-bilan-de-sa-saison","status":"publish","type":"post","link":"https:\/\/linitiative.ca\/International\/international-real-benzema-fait-le-bilan-de-sa-saison\/","title":{"rendered":"International : Real : Benzema fait le bilan de sa saison"},"content":{"rendered":"<div readability=\"32\">\n<p>Auteur : <span class=\"time\">mardi 07 mai 2019 12:31<\/span><\/p>\n<\/div>\n<div id=\"post_core\" readability=\"45\">\n<p>L&rsquo;ancien buteur de l&rsquo;Olympique Lyonnais a analys\u00e9 sa saison dans les colonnes du magazine espagnol GQ :<\/p>\n<p>\u00ab\u00a0\u00c7a a \u00e9t\u00e9 une ann\u00e9e tr\u00e8s compliqu\u00e9e, et c\u2019est dans ces moments-l\u00e0 que tu vois les grands joueurs. Cela n\u2019a pas \u00e9t\u00e9 une ann\u00e9e facile pour le Real Madrid, mais la saison a \u00e9t\u00e9 bonne pour moi sur le plan personnel, parce que j\u2019ai beaucoup travaill\u00e9 pour l\u2019\u00e9quipe, \u00e0 Valdebebas comme chez moi. Je travaille toujours pour que les gens profitent de mon jeu\u00a0\u00bb, a-t-il d\u00e9clar\u00e9 tel que le rapporte Footmercato.<\/p>\n<p><strong>Publi\u00e9 dans :<\/strong> <span>real madrid<\/span><\/p>\n<\/div>\n<p>Auteur:<br \/>\n<a href=\"http:\/\/www.lebuteur.com\/article\/detail?titre=real-benzema-fait-le-bilan-de-sa-saison&#038;id=88598&#038;utm_source=feedburner&#038;utm_medium=feed&#038;utm_campaign=Feed%3A+GalerieFArtciles+%28Les+derniers+articles++-+lebuteur.com%29\">Cliquez ici pour lire l&rsquo;article depuis sa source.<\/a><\/p>\n","protected":false},"excerpt":{"rendered":"<p>Auteur : mardi 07 mai 2019 12:31 L&rsquo;ancien buteur de l&rsquo;Olympique Lyonnais a analys\u00e9 sa saison dans les colonnes du magazine espagnol GQ : \u00ab\u00a0\u00c7a a \u00e9t\u00e9 une ann\u00e9e tr\u00e8s compliqu\u00e9e, et c\u2019est dans ces moments-l\u00e0 que tu vois les grands joueurs. Cela n\u2019a pas \u00e9t\u00e9 une ann\u00e9e facile pour le Real Madrid, mais la [&hellip;]<\/p>\n","protected":false},"author":1738,"featured_media":32751,"comment_status":"closed","ping_status":"closed","sticky":false,"template":"","format":"standard","meta":{"fifu_image_url":"","fifu_image_alt":"","footnotes":""},"categories":[53,75],"tags":[],"class_list":["post-32750","post","type-post","status-publish","format-standard","has-post-thumbnail","hentry","category-algerie","category-sport"],"_links":{"self":[{"href":"https:\/\/linitiative.ca\/International\/wp-json\/wp\/v2\/posts\/32750","targetHints":{"allow":["GET"]}}],"collection":[{"href":"https:\/\/linitiative.ca\/International\/wp-json\/wp\/v2\/posts"}],"about":[{"href":"https:\/\/linitiative.ca\/International\/wp-json\/wp\/v2\/types\/post"}],"author":[{"embeddable":true,"href":"https:\/\/linitiative.ca\/International\/wp-json\/wp\/v2\/users\/1738"}],"replies":[{"embeddable":true,"href":"https:\/\/linitiative.ca\/International\/wp-json\/wp\/v2\/comments?post=32750"}],"version-history":[{"count":0,"href":"https:\/\/linitiative.ca\/International\/wp-json\/wp\/v2\/posts\/32750\/revisions"}],"wp:featuredmedia":[{"embeddable":true,"href":"https:\/\/linitiative.ca\/International\/wp-json\/"}],"wp:attachment":[{"href":"https:\/\/linitiative.ca\/International\/wp-json\/wp\/v2\/media?parent=32750"}],"wp:term":[{"taxonomy":"category","embeddable":true,"href":"https:\/\/linitiative.ca\/International\/wp-json\/wp\/v2\/categories?post=32750"},{"taxonomy":"post_tag","embeddable":true,"href":"https:\/\/linitiative.ca\/International\/wp-json\/wp\/v2\/tags?post=32750"}],"curies":[{"name":"wp","href":"https:\/\/api.w.org\/{rel}","templated":true}]}}