{"id":32752,"date":"2019-05-07T15:14:03","date_gmt":"2019-05-07T19:14:03","guid":{"rendered":"https:\/\/linitiative.ca\/International\/pros-fc-sion-la-carriere-footballistique-de-abdellaoui-menacee\/"},"modified":"2019-05-07T15:14:03","modified_gmt":"2019-05-07T19:14:03","slug":"pros-fc-sion-la-carriere-footballistique-de-abdellaoui-menacee","status":"publish","type":"post","link":"https:\/\/linitiative.ca\/International\/pros-fc-sion-la-carriere-footballistique-de-abdellaoui-menacee\/","title":{"rendered":"Pros : FC Sion : La carri\u00e8re footballistique de Abdellaoui menac\u00e9e ?"},"content":{"rendered":"<div readability=\"32\">\n<p>Auteur : <span class=\"time\">mardi 07 mai 2019 13:09<\/span><\/p>\n<\/div>\n<div id=\"post_core\" readability=\"40\">\n<p>Le journal suisse explique que Abdellaoui souffrirait de graves probl\u00e8mes cardiaques, sa carri\u00e8re \u00e9tant menac\u00e9e par ce diagnostic qui a \u00e9t\u00e9 d\u00e9couvert suite \u00e0 un contr\u00f4le m\u00e9dical de routine.<\/p>\n<p>Le danger serait tel que l\u2019international alg\u00e9rien aurait pu s\u2019effondrer \u00e0 tout moment durant les matchs de Sion. Le joueur ne devrait donc pas \u00eatre autoris\u00e9 \u00e0 revenir sur le terrain cette saison pour la derni\u00e8re rencontre de son club face aux Young Boys.<\/p>\n<p><strong>Publi\u00e9 dans :<\/strong> <span>Abdellaoui<\/span><\/p>\n<\/div>\n<p>Auteur:<br \/>\n<a href=\"http:\/\/www.lebuteur.com\/article\/detail?titre=fc-sion-la-carriere-footballistique-de-abdellaoui-menacee&#038;id=88599&#038;utm_source=feedburner&#038;utm_medium=feed&#038;utm_campaign=Feed%3A+GalerieFArtciles+%28Les+derniers+articles++-+lebuteur.com%29\">Cliquez ici pour lire l&rsquo;article depuis sa source.<\/a><\/p>\n","protected":false},"excerpt":{"rendered":"<p>Auteur : mardi 07 mai 2019 13:09 Le journal suisse explique que Abdellaoui souffrirait de graves probl\u00e8mes cardiaques, sa carri\u00e8re \u00e9tant menac\u00e9e par ce diagnostic qui a \u00e9t\u00e9 d\u00e9couvert suite \u00e0 un contr\u00f4le m\u00e9dical de routine. Le danger serait tel que l\u2019international alg\u00e9rien aurait pu s\u2019effondrer \u00e0 tout moment durant les matchs de Sion. Le [&hellip;]<\/p>\n","protected":false},"author":1738,"featured_media":32753,"comment_status":"closed","ping_status":"closed","sticky":false,"template":"","format":"standard","meta":{"fifu_image_url":"","fifu_image_alt":"","footnotes":""},"categories":[53,75],"tags":[],"class_list":["post-32752","post","type-post","status-publish","format-standard","has-post-thumbnail","hentry","category-algerie","category-sport"],"_links":{"self":[{"href":"https:\/\/linitiative.ca\/International\/wp-json\/wp\/v2\/posts\/32752","targetHints":{"allow":["GET"]}}],"collection":[{"href":"https:\/\/linitiative.ca\/International\/wp-json\/wp\/v2\/posts"}],"about":[{"href":"https:\/\/linitiative.ca\/International\/wp-json\/wp\/v2\/types\/post"}],"author":[{"embeddable":true,"href":"https:\/\/linitiative.ca\/International\/wp-json\/wp\/v2\/users\/1738"}],"replies":[{"embeddable":true,"href":"https:\/\/linitiative.ca\/International\/wp-json\/wp\/v2\/comments?post=32752"}],"version-history":[{"count":0,"href":"https:\/\/linitiative.ca\/International\/wp-json\/wp\/v2\/posts\/32752\/revisions"}],"wp:featuredmedia":[{"embeddable":true,"href":"https:\/\/linitiative.ca\/International\/wp-json\/"}],"wp:attachment":[{"href":"https:\/\/linitiative.ca\/International\/wp-json\/wp\/v2\/media?parent=32752"}],"wp:term":[{"taxonomy":"category","embeddable":true,"href":"https:\/\/linitiative.ca\/International\/wp-json\/wp\/v2\/categories?post=32752"},{"taxonomy":"post_tag","embeddable":true,"href":"https:\/\/linitiative.ca\/International\/wp-json\/wp\/v2\/tags?post=32752"}],"curies":[{"name":"wp","href":"https:\/\/api.w.org\/{rel}","templated":true}]}}