{"id":32754,"date":"2019-05-07T15:14:05","date_gmt":"2019-05-07T19:14:05","guid":{"rendered":"https:\/\/linitiative.ca\/International\/international-juventus-ibrahimovic-vole-au-secours-dallegri\/"},"modified":"2019-05-07T15:14:05","modified_gmt":"2019-05-07T19:14:05","slug":"international-juventus-ibrahimovic-vole-au-secours-dallegri","status":"publish","type":"post","link":"https:\/\/linitiative.ca\/International\/international-juventus-ibrahimovic-vole-au-secours-dallegri\/","title":{"rendered":"International : Juventus : Ibrahimovic vole au secours d\u2019Allegri"},"content":{"rendered":"<div readability=\"32\">\n<p>Auteur : <span class=\"time\">mardi 07 mai 2019 14:15<\/span><\/p>\n<\/div>\n<div id=\"post_core\" readability=\"49\">\n<p>Le technicien de la Juventus Turin peut compter sur un soutien de poids au c\u0153ur de cette pol\u00e9mique\u00a0: son ancien joueur Zlatan Ibrahimovic. Dans des propos relay\u00e9s par Footmercato, le buteur de Los Angeles Galaxy a pris la d\u00e9fense du coach bianconero.<\/p>\n<p>\u00ab\u00a0Je suis d\u2019accord avec lui, je pense comme lui. C\u2019est \u00e0 vous, journalistes, de vous mettre d\u2019accord\u00a0: vous voulez du beau jeu, mais si une \u00e9quipe perd, vous la jugez uniquement sur ses r\u00e9sultats. Sur ce point, nous sommes d\u2019accord\u00a0: seuls les r\u00e9sultats comptent. Le beau jeu ne compte pas. La Juve est arriv\u00e9e en finale et a perdu contre Barcelone et le Real Madrid. (&#8230;) Il n\u2019y a que le r\u00e9sultat qui compte. Pour vous aussi\u00a0\u00bb, a l\u00e2ch\u00e9 le Su\u00e9dois. Allegri appr\u00e9ciera.<\/p>\n<p><strong>Publi\u00e9 dans :<\/strong> <span>Ibrahimovic<\/span> <span>Juve<\/span> <span>allegri<\/span><\/p>\n<\/div>\n<p>Auteur:<br \/>\n<a href=\"http:\/\/www.lebuteur.com\/article\/detail?titre=juventus-ibrahimovic-vole-au-secours-dallegri&#038;id=88600&#038;utm_source=feedburner&#038;utm_medium=feed&#038;utm_campaign=Feed%3A+GalerieFArtciles+%28Les+derniers+articles++-+lebuteur.com%29\">Cliquez ici pour lire l&rsquo;article depuis sa source.<\/a><\/p>\n","protected":false},"excerpt":{"rendered":"<p>Auteur : mardi 07 mai 2019 14:15 Le technicien de la Juventus Turin peut compter sur un soutien de poids au c\u0153ur de cette pol\u00e9mique\u00a0: son ancien joueur Zlatan Ibrahimovic. Dans des propos relay\u00e9s par Footmercato, le buteur de Los Angeles Galaxy a pris la d\u00e9fense du coach bianconero. \u00ab\u00a0Je suis d\u2019accord avec lui, je [&hellip;]<\/p>\n","protected":false},"author":1738,"featured_media":32755,"comment_status":"closed","ping_status":"closed","sticky":false,"template":"","format":"standard","meta":{"fifu_image_url":"","fifu_image_alt":"","footnotes":""},"categories":[53,75],"tags":[],"class_list":["post-32754","post","type-post","status-publish","format-standard","has-post-thumbnail","hentry","category-algerie","category-sport"],"_links":{"self":[{"href":"https:\/\/linitiative.ca\/International\/wp-json\/wp\/v2\/posts\/32754","targetHints":{"allow":["GET"]}}],"collection":[{"href":"https:\/\/linitiative.ca\/International\/wp-json\/wp\/v2\/posts"}],"about":[{"href":"https:\/\/linitiative.ca\/International\/wp-json\/wp\/v2\/types\/post"}],"author":[{"embeddable":true,"href":"https:\/\/linitiative.ca\/International\/wp-json\/wp\/v2\/users\/1738"}],"replies":[{"embeddable":true,"href":"https:\/\/linitiative.ca\/International\/wp-json\/wp\/v2\/comments?post=32754"}],"version-history":[{"count":0,"href":"https:\/\/linitiative.ca\/International\/wp-json\/wp\/v2\/posts\/32754\/revisions"}],"wp:featuredmedia":[{"embeddable":true,"href":"https:\/\/linitiative.ca\/International\/wp-json\/"}],"wp:attachment":[{"href":"https:\/\/linitiative.ca\/International\/wp-json\/wp\/v2\/media?parent=32754"}],"wp:term":[{"taxonomy":"category","embeddable":true,"href":"https:\/\/linitiative.ca\/International\/wp-json\/wp\/v2\/categories?post=32754"},{"taxonomy":"post_tag","embeddable":true,"href":"https:\/\/linitiative.ca\/International\/wp-json\/wp\/v2\/tags?post=32754"}],"curies":[{"name":"wp","href":"https:\/\/api.w.org\/{rel}","templated":true}]}}