{"id":32756,"date":"2019-05-07T15:14:07","date_gmt":"2019-05-07T19:14:07","guid":{"rendered":"https:\/\/linitiative.ca\/International\/ligue-des-champions-naples-ne-pourra-pas-recevoir-ses-adversaires-a-san-paolo\/"},"modified":"2019-05-07T15:14:07","modified_gmt":"2019-05-07T19:14:07","slug":"ligue-des-champions-naples-ne-pourra-pas-recevoir-ses-adversaires-a-san-paolo","status":"publish","type":"post","link":"https:\/\/linitiative.ca\/International\/ligue-des-champions-naples-ne-pourra-pas-recevoir-ses-adversaires-a-san-paolo\/","title":{"rendered":"Ligue des Champions : Naples ne pourra pas recevoir ses adversaires \u00e0 San Paolo"},"content":{"rendered":"<div readability=\"32\">\n<p>Auteur : <span class=\"time\">mardi 07 mai 2019 15:15<\/span><\/p>\n<\/div>\n<div id=\"post_core\" readability=\"42\">\n<p>Qualifi\u00e9 pour la prochaine Ligue des Champions, le club italien ne pourra pas jouer la plus prestigieuse des comp\u00e9titions europ\u00e9ennes dans son mythique stade de San Paolo.<\/p>\n<p>C\u2019est une d\u00e9cision de l\u2019UEFA. Elle estime que l\u2019enceinte napolitaine n\u2019est plus aux normes pour accueillir les matches \u00e0 un tel niveau. Les Partenopei sont contraints d\u2019aller disputer leur match \u00ab\u00a0\u00e0 domicile\u00a0\u00bb au stade de Bologne Renato Dall\u2019Ara, soit \u00e0 plus de 550 kilom\u00e8tres plus au nord. Source : Footmercato.<\/p>\n<p><strong>Publi\u00e9 dans :<\/strong> <span>Ligue des champions<\/span> <span>Naples<\/span><\/p>\n<\/div>\n<p>Auteur:<br \/>\n<a href=\"http:\/\/www.lebuteur.com\/article\/detail?titre=naples-ne-pourra-pas-recevoir-ses-adversaires-a-san-paolo&#038;id=88601&#038;utm_source=feedburner&#038;utm_medium=feed&#038;utm_campaign=Feed%3A+GalerieFArtciles+%28Les+derniers+articles++-+lebuteur.com%29\">Cliquez ici pour lire l&rsquo;article depuis sa source.<\/a><\/p>\n","protected":false},"excerpt":{"rendered":"<p>Auteur : mardi 07 mai 2019 15:15 Qualifi\u00e9 pour la prochaine Ligue des Champions, le club italien ne pourra pas jouer la plus prestigieuse des comp\u00e9titions europ\u00e9ennes dans son mythique stade de San Paolo. C\u2019est une d\u00e9cision de l\u2019UEFA. Elle estime que l\u2019enceinte napolitaine n\u2019est plus aux normes pour accueillir les matches \u00e0 un tel [&hellip;]<\/p>\n","protected":false},"author":1738,"featured_media":32757,"comment_status":"closed","ping_status":"closed","sticky":false,"template":"","format":"standard","meta":{"fifu_image_url":"","fifu_image_alt":"","footnotes":""},"categories":[53,75],"tags":[],"class_list":["post-32756","post","type-post","status-publish","format-standard","has-post-thumbnail","hentry","category-algerie","category-sport"],"_links":{"self":[{"href":"https:\/\/linitiative.ca\/International\/wp-json\/wp\/v2\/posts\/32756","targetHints":{"allow":["GET"]}}],"collection":[{"href":"https:\/\/linitiative.ca\/International\/wp-json\/wp\/v2\/posts"}],"about":[{"href":"https:\/\/linitiative.ca\/International\/wp-json\/wp\/v2\/types\/post"}],"author":[{"embeddable":true,"href":"https:\/\/linitiative.ca\/International\/wp-json\/wp\/v2\/users\/1738"}],"replies":[{"embeddable":true,"href":"https:\/\/linitiative.ca\/International\/wp-json\/wp\/v2\/comments?post=32756"}],"version-history":[{"count":0,"href":"https:\/\/linitiative.ca\/International\/wp-json\/wp\/v2\/posts\/32756\/revisions"}],"wp:featuredmedia":[{"embeddable":true,"href":"https:\/\/linitiative.ca\/International\/wp-json\/"}],"wp:attachment":[{"href":"https:\/\/linitiative.ca\/International\/wp-json\/wp\/v2\/media?parent=32756"}],"wp:term":[{"taxonomy":"category","embeddable":true,"href":"https:\/\/linitiative.ca\/International\/wp-json\/wp\/v2\/categories?post=32756"},{"taxonomy":"post_tag","embeddable":true,"href":"https:\/\/linitiative.ca\/International\/wp-json\/wp\/v2\/tags?post=32756"}],"curies":[{"name":"wp","href":"https:\/\/api.w.org\/{rel}","templated":true}]}}