{"id":32758,"date":"2019-05-07T15:14:09","date_gmt":"2019-05-07T19:14:09","guid":{"rendered":"https:\/\/linitiative.ca\/International\/pros-belaili-nomme-pour-le-trophee-du-joueur-du-moi-en-tunisie\/"},"modified":"2019-05-07T15:14:09","modified_gmt":"2019-05-07T19:14:09","slug":"pros-belaili-nomme-pour-le-trophee-du-joueur-du-moi-en-tunisie","status":"publish","type":"post","link":"https:\/\/linitiative.ca\/International\/pros-belaili-nomme-pour-le-trophee-du-joueur-du-moi-en-tunisie\/","title":{"rendered":"Pros : Belaili nomm\u00e9 pour le troph\u00e9e du joueur du moi en Tunisie"},"content":{"rendered":"<div readability=\"32\">\n<p>Auteur : <span class=\"time\">mardi 07 mai 2019 16:29<\/span><\/p>\n<\/div>\n<div id=\"post_core\" readability=\"36\">\n<p>Le joueur milieu de terrain Alg\u00e9rien de l\u2019ES Tunis, Youcef Belaili figure dans la liste des joueurs nomin\u00e9s pour le troph\u00e9e du joueur du mois du championnat tunisien. L\u2019enfant d\u2019Oran s\u2019\u00e9tait illustr\u00e9 ces derni\u00e8res semaines avec son team que se soit en championnat ou bien m\u00eame en Ligue des champions africaine.<\/p>\n<p><strong>Publi\u00e9 dans :<\/strong> <span>Bela\u00efli<\/span><\/p>\n<\/div>\n<p>Auteur:<br \/>\n<a href=\"http:\/\/www.lebuteur.com\/article\/detail?titre=belaili-nomme-pour-le-trophee-du-joueur-du-moi-en-tunisie&#038;id=88602&#038;utm_source=feedburner&#038;utm_medium=feed&#038;utm_campaign=Feed%3A+GalerieFArtciles+%28Les+derniers+articles++-+lebuteur.com%29\">Cliquez ici pour lire l&rsquo;article depuis sa source.<\/a><\/p>\n","protected":false},"excerpt":{"rendered":"<p>Auteur : mardi 07 mai 2019 16:29 Le joueur milieu de terrain Alg\u00e9rien de l\u2019ES Tunis, Youcef Belaili figure dans la liste des joueurs nomin\u00e9s pour le troph\u00e9e du joueur du mois du championnat tunisien. L\u2019enfant d\u2019Oran s\u2019\u00e9tait illustr\u00e9 ces derni\u00e8res semaines avec son team que se soit en championnat ou bien m\u00eame en Ligue [&hellip;]<\/p>\n","protected":false},"author":1738,"featured_media":32759,"comment_status":"closed","ping_status":"closed","sticky":false,"template":"","format":"standard","meta":{"fifu_image_url":"","fifu_image_alt":"","footnotes":""},"categories":[53,75],"tags":[],"class_list":["post-32758","post","type-post","status-publish","format-standard","has-post-thumbnail","hentry","category-algerie","category-sport"],"_links":{"self":[{"href":"https:\/\/linitiative.ca\/International\/wp-json\/wp\/v2\/posts\/32758","targetHints":{"allow":["GET"]}}],"collection":[{"href":"https:\/\/linitiative.ca\/International\/wp-json\/wp\/v2\/posts"}],"about":[{"href":"https:\/\/linitiative.ca\/International\/wp-json\/wp\/v2\/types\/post"}],"author":[{"embeddable":true,"href":"https:\/\/linitiative.ca\/International\/wp-json\/wp\/v2\/users\/1738"}],"replies":[{"embeddable":true,"href":"https:\/\/linitiative.ca\/International\/wp-json\/wp\/v2\/comments?post=32758"}],"version-history":[{"count":0,"href":"https:\/\/linitiative.ca\/International\/wp-json\/wp\/v2\/posts\/32758\/revisions"}],"wp:featuredmedia":[{"embeddable":true,"href":"https:\/\/linitiative.ca\/International\/wp-json\/"}],"wp:attachment":[{"href":"https:\/\/linitiative.ca\/International\/wp-json\/wp\/v2\/media?parent=32758"}],"wp:term":[{"taxonomy":"category","embeddable":true,"href":"https:\/\/linitiative.ca\/International\/wp-json\/wp\/v2\/categories?post=32758"},{"taxonomy":"post_tag","embeddable":true,"href":"https:\/\/linitiative.ca\/International\/wp-json\/wp\/v2\/tags?post=32758"}],"curies":[{"name":"wp","href":"https:\/\/api.w.org\/{rel}","templated":true}]}}