{"id":32760,"date":"2019-05-07T15:14:11","date_gmt":"2019-05-07T19:14:11","guid":{"rendered":"https:\/\/linitiative.ca\/International\/pros-fc-porto-west-ham-garde-brahimi-dans-ses-plans\/"},"modified":"2019-05-07T15:14:11","modified_gmt":"2019-05-07T19:14:11","slug":"pros-fc-porto-west-ham-garde-brahimi-dans-ses-plans","status":"publish","type":"post","link":"https:\/\/linitiative.ca\/International\/pros-fc-porto-west-ham-garde-brahimi-dans-ses-plans\/","title":{"rendered":"Pros : FC Porto: West Ham garde Brahimi dans ses plans"},"content":{"rendered":"<div readability=\"32\">\n<p>Auteur : <span class=\"time\">mardi 07 mai 2019 16:33<\/span><\/p>\n<\/div>\n<div id=\"post_core\" readability=\"37\">\n<p>Selon la presse anglaise, la direction de West Ham n\u2019a pas renonc\u00e9 \u00e0 l\u2019id\u00e9e de recruter Yacine Brahimi cet \u00e9t\u00e9. Les Hammers veulent profiter de la situation du joueur (il sera libre \u00e0 l\u2019issue de cet exercice sportif 2018\/2019) pour le recruter gratuitement. Pour rappel, Brahimi est convoit\u00e9 par plusieurs autres clubs europ\u00e9ens.<\/p>\n<p><strong>Publi\u00e9 dans :<\/strong> <span>Brahimi<\/span><\/p>\n<\/div>\n<p>Auteur:<br \/>\n<a href=\"http:\/\/www.lebuteur.com\/article\/detail?titre=fc-porto-west-ham-garde-brahimi-dans-ses-plans&#038;id=88603&#038;utm_source=feedburner&#038;utm_medium=feed&#038;utm_campaign=Feed%3A+GalerieFArtciles+%28Les+derniers+articles++-+lebuteur.com%29\">Cliquez ici pour lire l&rsquo;article depuis sa source.<\/a><\/p>\n","protected":false},"excerpt":{"rendered":"<p>Auteur : mardi 07 mai 2019 16:33 Selon la presse anglaise, la direction de West Ham n\u2019a pas renonc\u00e9 \u00e0 l\u2019id\u00e9e de recruter Yacine Brahimi cet \u00e9t\u00e9. Les Hammers veulent profiter de la situation du joueur (il sera libre \u00e0 l\u2019issue de cet exercice sportif 2018\/2019) pour le recruter gratuitement. Pour rappel, Brahimi est convoit\u00e9 [&hellip;]<\/p>\n","protected":false},"author":1738,"featured_media":32761,"comment_status":"closed","ping_status":"closed","sticky":false,"template":"","format":"standard","meta":{"fifu_image_url":"","fifu_image_alt":"","footnotes":""},"categories":[53,75],"tags":[],"class_list":["post-32760","post","type-post","status-publish","format-standard","has-post-thumbnail","hentry","category-algerie","category-sport"],"_links":{"self":[{"href":"https:\/\/linitiative.ca\/International\/wp-json\/wp\/v2\/posts\/32760","targetHints":{"allow":["GET"]}}],"collection":[{"href":"https:\/\/linitiative.ca\/International\/wp-json\/wp\/v2\/posts"}],"about":[{"href":"https:\/\/linitiative.ca\/International\/wp-json\/wp\/v2\/types\/post"}],"author":[{"embeddable":true,"href":"https:\/\/linitiative.ca\/International\/wp-json\/wp\/v2\/users\/1738"}],"replies":[{"embeddable":true,"href":"https:\/\/linitiative.ca\/International\/wp-json\/wp\/v2\/comments?post=32760"}],"version-history":[{"count":0,"href":"https:\/\/linitiative.ca\/International\/wp-json\/wp\/v2\/posts\/32760\/revisions"}],"wp:featuredmedia":[{"embeddable":true,"href":"https:\/\/linitiative.ca\/International\/wp-json\/"}],"wp:attachment":[{"href":"https:\/\/linitiative.ca\/International\/wp-json\/wp\/v2\/media?parent=32760"}],"wp:term":[{"taxonomy":"category","embeddable":true,"href":"https:\/\/linitiative.ca\/International\/wp-json\/wp\/v2\/categories?post=32760"},{"taxonomy":"post_tag","embeddable":true,"href":"https:\/\/linitiative.ca\/International\/wp-json\/wp\/v2\/tags?post=32760"}],"curies":[{"name":"wp","href":"https:\/\/api.w.org\/{rel}","templated":true}]}}