{"id":32764,"date":"2019-05-07T15:14:14","date_gmt":"2019-05-07T19:14:14","guid":{"rendered":"https:\/\/linitiative.ca\/International\/international-psg-une-altercation-entre-neymar-et-draxler\/"},"modified":"2019-05-07T15:14:14","modified_gmt":"2019-05-07T19:14:14","slug":"international-psg-une-altercation-entre-neymar-et-draxler","status":"publish","type":"post","link":"https:\/\/linitiative.ca\/International\/international-psg-une-altercation-entre-neymar-et-draxler\/","title":{"rendered":"International : PSG : Une altercation entre Neymar et Draxler"},"content":{"rendered":"<div readability=\"32\">\n<p>Auteur : <span class=\"time\">mardi 07 mai 2019 19:19<\/span><\/p>\n<\/div>\n<div id=\"post_core\" readability=\"36\">\n<p>L&rsquo;international br\u00e9silien n\u2019aurait pas appr\u00e9ci\u00e9 des reproches formul\u00e9s par l\u2019Allemand et le ton serait mont\u00e9 entre les deux co\u00e9quipiers dans le vestiaire de la Mosson. \u00ab\u00a0Qui es-tu pour me parler ? Tu ne fais que des passes en arri\u00e8re\u00a0\u00bb, aurait notamment lanc\u00e9 Neymar \u00e0 Draxler comme le souligne Sport24. Le coach parisien Thomas Tuchel et le directeur sportif Antero Henrique ont d\u00fb intervenir pour s\u00e9parer les deux hommes indique le quotidien.<\/p>\n<p><strong>Publi\u00e9 dans :<\/strong> <span>PSG<\/span><\/p>\n<\/div>\n<p>Auteur:<br \/>\n<a href=\"http:\/\/www.lebuteur.com\/article\/detail?titre=psg-une-altercation-entre-neymar-et-draxler&#038;id=88616&#038;utm_source=feedburner&#038;utm_medium=feed&#038;utm_campaign=Feed%3A+GalerieFArtciles+%28Les+derniers+articles++-+lebuteur.com%29\">Cliquez ici pour lire l&rsquo;article depuis sa source.<\/a><\/p>\n","protected":false},"excerpt":{"rendered":"<p>Auteur : mardi 07 mai 2019 19:19 L&rsquo;international br\u00e9silien n\u2019aurait pas appr\u00e9ci\u00e9 des reproches formul\u00e9s par l\u2019Allemand et le ton serait mont\u00e9 entre les deux co\u00e9quipiers dans le vestiaire de la Mosson. \u00ab\u00a0Qui es-tu pour me parler ? Tu ne fais que des passes en arri\u00e8re\u00a0\u00bb, aurait notamment lanc\u00e9 Neymar \u00e0 Draxler comme le souligne [&hellip;]<\/p>\n","protected":false},"author":1738,"featured_media":32765,"comment_status":"closed","ping_status":"closed","sticky":false,"template":"","format":"standard","meta":{"fifu_image_url":"","fifu_image_alt":"","footnotes":""},"categories":[53,75],"tags":[],"class_list":["post-32764","post","type-post","status-publish","format-standard","has-post-thumbnail","hentry","category-algerie","category-sport"],"_links":{"self":[{"href":"https:\/\/linitiative.ca\/International\/wp-json\/wp\/v2\/posts\/32764","targetHints":{"allow":["GET"]}}],"collection":[{"href":"https:\/\/linitiative.ca\/International\/wp-json\/wp\/v2\/posts"}],"about":[{"href":"https:\/\/linitiative.ca\/International\/wp-json\/wp\/v2\/types\/post"}],"author":[{"embeddable":true,"href":"https:\/\/linitiative.ca\/International\/wp-json\/wp\/v2\/users\/1738"}],"replies":[{"embeddable":true,"href":"https:\/\/linitiative.ca\/International\/wp-json\/wp\/v2\/comments?post=32764"}],"version-history":[{"count":0,"href":"https:\/\/linitiative.ca\/International\/wp-json\/wp\/v2\/posts\/32764\/revisions"}],"wp:featuredmedia":[{"embeddable":true,"href":"https:\/\/linitiative.ca\/International\/wp-json\/"}],"wp:attachment":[{"href":"https:\/\/linitiative.ca\/International\/wp-json\/wp\/v2\/media?parent=32764"}],"wp:term":[{"taxonomy":"category","embeddable":true,"href":"https:\/\/linitiative.ca\/International\/wp-json\/wp\/v2\/categories?post=32764"},{"taxonomy":"post_tag","embeddable":true,"href":"https:\/\/linitiative.ca\/International\/wp-json\/wp\/v2\/tags?post=32764"}],"curies":[{"name":"wp","href":"https:\/\/api.w.org\/{rel}","templated":true}]}}