{"id":32768,"date":"2019-05-07T15:19:05","date_gmt":"2019-05-07T19:19:05","guid":{"rendered":"https:\/\/linitiative.ca\/International\/avertis-tes-proches-i\/"},"modified":"2019-05-07T15:19:05","modified_gmt":"2019-05-07T19:19:05","slug":"avertis-tes-proches-i","status":"publish","type":"post","link":"https:\/\/linitiative.ca\/International\/avertis-tes-proches-i\/","title":{"rendered":"\u00ab Avertis tes proches \u00bb (I)"},"content":{"rendered":"<p>Dieu enjoint \u00e0 Muhammad de pr\u00eacher ouvertement l&rsquo;islam, en commen\u00e7ant par les gens les plus proches de lui. il r\u00e9unit tous les\u00a0<\/p>\n<p>descendants de Abd al-Muttalib, par deux fois. Aucun d&rsquo;entre eux n&rsquo;est pr\u00eat \u00e0 le suivre. Mais Ab\u00fb T\u00e2lib, chef du clan, jure de le prot\u00e9ger. Cependant, les musulmans non prot\u00e9g\u00e9s sont soumis \u00e0 la torture.<\/p>\n<div readability=\"55\">\n<p>Trois arm\u00e9es pass\u00e8rent, durant lesquelles le Proph\u00e8te ne pr\u00eacha l&rsquo;islam qu&rsquo;\u00e0 ceux qui venaient vers lui et le lui demandaient ou \u00e0 ceux de ses proches auxquels il faisait confiance.<\/p>\n<p>Mais un jour le Tr\u00e8s-Haut lui enjoignit :<\/p>\n<p>\u00abAvertis tes proches ! \u00bb<\/p>\n<p>Lorsque ce verset fut r\u00e9v\u00e9l\u00e9 au Proph\u00e8te et qu&rsquo;il en p\u00e9n\u00e9tra le sens, il comprit que le Tout-Puissant lui ordonnait de pr\u00eacher d\u00e9sormais l&rsquo;islam publiquement, d&rsquo;appeler ouvertement les siens \u00e0 renier leurs idoles et \u00e0 adorer le Dieu Unique. Il craignit que la t\u00e2che ne f\u00fbt au-dessus de ses forces, car elle ne pouvait manquer de provoquer le ressentiment des gens qui lui \u00e9taient le plus proches. Alors le Messager de Dieu demeura chez lui durant pr\u00e8s d&rsquo;un mois, sans sortir ni rencontrer aucun de ses compagnons.<\/p>\n<p>Ses tantes s&rsquo;alarm\u00e8rent de sa longue r\u00e9clusion et, craignant qu&rsquo;il ne f\u00fbt tomb\u00e9 malade, all\u00e8rent lui rendre visite. Il leur dit :<\/p>\n<p>\u2014 Je ne me plains de rien. Mais Dieu m&rsquo;ordonne de pr\u00eacher l&rsquo;islam \u00e0 mon clan. Je me pr\u00e9pare \u00e0 r\u00e9unir les Ban\u00fb &lsquo;Abd et al Muttalib pour les appeler \u00e0 Dieu.<\/p>\n<p>Ses tantes lui dirent :<\/p>\n<p>\u2014 Soit, mais n&rsquo;invite pas &lsquo;Abd al-Uzza.<\/p>\n<p>Quelque temps auparavant, une violente querelle avait \u00e9clat\u00e9 entre deux oncles paternels de Muhammad, Ab\u00fb T\u00e2lib et &lsquo;Abd al Uzza. Ce dernier s&rsquo;\u00e9tait assis sur la poitrine de son fr\u00e8re et avait commenc\u00e9 \u00e0 le frapper au visage. Muhammad, ne pouvant supporter de voir Ab\u00fb T\u00e2lib ainsi trait\u00e9, avait pris\u2019Abd al-\u2019Uzza par les \u00e9paules et l&rsquo;avait jet\u00e9 \u00e0 terre. &lsquo;Abd al-\u2019Uzza, dont deux des fils avaient \u00e9pous\u00e9 deux des filles du Proph\u00e8te, s&rsquo;\u00e9tait relev\u00e9 furieux.<\/p>\n<p>\u2014 Nous sommes tous les deux tes oncles paternels. Pourquoi prends-tu le parti d&rsquo;Ab\u00fb T\u00e2lib contre moi? Par Dieu, mon c\u0153ur te sera \u00e0 jamais ferm\u00e9.<\/p>\n<p>Ayant dit ce qu&rsquo;elles avaient \u00e0 dire, les tantes du Proph\u00e8te le quitt\u00e8rent sur ces mots :<\/p>\n<p>\u2014 Nous te donnons notre avis. Mais, certes, nous ne sommes que des femmes.<\/p>\n<p>(A suivre)<\/p>\n<\/div>\n<p>Auteur: elmoudjahid<br \/>\n<a href=\"http:\/\/www.elmoudjahid.com\/fr\/actualites\/136681\">Cliquez ici pour lire l&rsquo;article depuis sa source.<\/a><\/p>\n","protected":false},"excerpt":{"rendered":"<p>Dieu enjoint \u00e0 Muhammad de pr\u00eacher ouvertement l&rsquo;islam, en commen\u00e7ant par les gens les plus proches de lui. il r\u00e9unit tous les\u00a0 descendants de Abd al-Muttalib, par deux fois. Aucun d&rsquo;entre eux n&rsquo;est pr\u00eat \u00e0 le suivre. Mais Ab\u00fb T\u00e2lib, chef du clan, jure de le prot\u00e9ger. Cependant, les musulmans non prot\u00e9g\u00e9s sont soumis \u00e0 [&hellip;]<\/p>\n","protected":false},"author":1744,"featured_media":0,"comment_status":"closed","ping_status":"closed","sticky":false,"template":"","format":"standard","meta":{"fifu_image_url":"","fifu_image_alt":"","footnotes":""},"categories":[73,53],"tags":[],"class_list":["post-32768","post","type-post","status-publish","format-standard","hentry","category-actualite","category-algerie"],"_links":{"self":[{"href":"https:\/\/linitiative.ca\/International\/wp-json\/wp\/v2\/posts\/32768","targetHints":{"allow":["GET"]}}],"collection":[{"href":"https:\/\/linitiative.ca\/International\/wp-json\/wp\/v2\/posts"}],"about":[{"href":"https:\/\/linitiative.ca\/International\/wp-json\/wp\/v2\/types\/post"}],"author":[{"embeddable":true,"href":"https:\/\/linitiative.ca\/International\/wp-json\/wp\/v2\/users\/1744"}],"replies":[{"embeddable":true,"href":"https:\/\/linitiative.ca\/International\/wp-json\/wp\/v2\/comments?post=32768"}],"version-history":[{"count":0,"href":"https:\/\/linitiative.ca\/International\/wp-json\/wp\/v2\/posts\/32768\/revisions"}],"wp:attachment":[{"href":"https:\/\/linitiative.ca\/International\/wp-json\/wp\/v2\/media?parent=32768"}],"wp:term":[{"taxonomy":"category","embeddable":true,"href":"https:\/\/linitiative.ca\/International\/wp-json\/wp\/v2\/categories?post=32768"},{"taxonomy":"post_tag","embeddable":true,"href":"https:\/\/linitiative.ca\/International\/wp-json\/wp\/v2\/tags?post=32768"}],"curies":[{"name":"wp","href":"https:\/\/api.w.org\/{rel}","templated":true}]}}