{"id":32770,"date":"2019-05-07T15:19:11","date_gmt":"2019-05-07T19:19:11","guid":{"rendered":"https:\/\/linitiative.ca\/International\/m-djamila-tamazirt-ministre-de-lindustrie-et-des-mines-encourager-lexportation\/"},"modified":"2019-05-07T15:19:11","modified_gmt":"2019-05-07T19:19:11","slug":"m-djamila-tamazirt-ministre-de-lindustrie-et-des-mines-encourager-lexportation","status":"publish","type":"post","link":"https:\/\/linitiative.ca\/International\/m-djamila-tamazirt-ministre-de-lindustrie-et-des-mines-encourager-lexportation\/","title":{"rendered":"M. Djamila Tamazirt, ministre de l\u2019Industrie et des Mines :  \u00ab Encourager l\u2019exportation \u00bb"},"content":{"rendered":"<p>\u00abL\u2019exportation doit \u00eatre la pr\u00e9occupation de l\u2019heure, pour r\u00e9pondre aux attentes de l\u2019\u00c9tat qui a investi des milliards de dollars\u00bb, a indiqu\u00e9, hier \u00e0 Alger, la ministre de l&rsquo;Industrie et des Mines, Djamila Tamazirt.\u00a0<\/p>\n<p>S\u2019exprimant \u00e0 l\u2019occasion d\u2019une r\u00e9union avec les pr\u00e9sidents-directeurs g\u00e9n\u00e9raux des complexes industriels, elle a insist\u00e9 sur la n\u00e9cessit\u00e9 d\u2019encourager davantage l\u2019exportation, puisque dans le contexte actuel l\u2019Alg\u00e9rie a besoin de rentr\u00e9es de devises. Elle dira dans ce sens : \u00abSi on n\u2019encourage pas ce domaine on va, sans aucun doute, enregistrer des d\u00e9s\u00e9quilibres de la balance de paiement\u00bb. La ministre a soulign\u00e9 qu\u2019 \u00aben vue de contribuer \u00e0 sortir progressivement notre pays de sa d\u00e9pendance aux hydrocarbures et de drainer des devises, l\u2019industrie doit constituer un \u00e9l\u00e9ment de diversification de l\u2019\u00e9conomie nationale\u00bb. Elle a ajout\u00e9 que \u00abl\u2019Etat a identifi\u00e9 plusieurs filiales qui pr\u00e9sentent un grand potentiel en mati\u00e8re de d\u00e9veloppement et de valorisation de potentialit\u00e9s naturelles et de cibler les exportations et d\u2019apporter ainsi un \u00e9quilibre \u00e0 la balance des paiements\u00bb.\u00a0<\/p>\n<p>Mme Tamazirt a pr\u00e9cis\u00e9 que \u00abla balance des paiements pr\u00e9sente des d\u00e9ficits annuels pour lesquels nous sommes interpell\u00e9s \u00e0 prendre des mesures \u00abad hoc\u00bb et des mesures urgentes afin d\u2019encourager l\u2019exportation\u00bb. Et de poursuivre que \u00abl\u2019acte d\u2019exportation concerne plusieurs filiales qui ont \u00e9t\u00e9 identifi\u00e9es, \u00e0 savoir : la sid\u00e9rurgie, le ciment, l\u2019agroalimentaire, pour lequel l\u2019Alg\u00e9rie pr\u00e9sente des avantages comparatifs uniques au monde\u00bb. Selon elle, le d\u00e9veloppement de l\u2019entreprise vise deux objectifs : r\u00e9pondre aux besoins nationaux de march\u00e9 en quantit\u00e9 et en biens de services et exporter. S\u2019adressant aux pr\u00e9sidents-directeurs g\u00e9n\u00e9raux, la ministre a insist\u00e9 sur la n\u00e9cessit\u00e9 de dynamiser le processus d\u2019exportation, notamment concernant les fili\u00e8res qui ont \u00e9t\u00e9 identifi\u00e9es et qui pr\u00e9sentent un avantage en la mati\u00e8re. Elle a fait savoir que le secteur des mines et celui de l\u2019agroalimentaire sont les plus interpell\u00e9s, du fait que le pays rec\u00e8le un \u00e9norme potentiel de production, qui doit \u00eatre, a-t-elle insist\u00e9 mis en norme avec l\u2019accompagnement des centres techniques et des laboratoires qui sont d\u00e9di\u00e9s \u00e0 la mise en \u0153uvre de cette activit\u00e9. A ce propos, elle a rappel\u00e9 que pr\u00e8s de 241 millions de dollars d\u2019investissements (publics et priv\u00e9s) ont \u00e9t\u00e9 enregistr\u00e9s dans le secteur agroalimentaire en 2018 \u00e0 l\u2019\u00e9chelle nationale. \u00abUne grande partie de ce montant enregistr\u00e9 aupr\u00e8s de l\u2019Agence nationale pour le d\u00e9veloppement de l\u2019investissement rel\u00e8ve du secteur priv\u00e9\u00bb, a-t-elle ajout\u00e9. S\u2019agissant de partenariat public\/priv\u00e9, la ministre a indiqu\u00e9 qu\u2019il ne doit pas \u00eatre n\u00e9glig\u00e9 dans le dynamisme et les d\u00e9marches qui doivent \u00eatre mis en \u0153uvre par les groupes.\u00a0<\/p>\n<p><strong>Lourde perte d\u2019un milliard de dollars\u00a0<\/strong><\/p>\n<p>En r\u00e9ponse \u00e0 une question relative aux diff\u00e9rentes gr\u00e8ves enregistr\u00e9es ces derni\u00e8res semaines dans son secteur, elle a indiqu\u00e9 que \u00ab les groupes industriels sont interpell\u00e9s pour renforcer la communication au niveau local et r\u00e9pondre \u00e0 la sollicitation des partenaires sociaux et mettre fin \u00e0 des gr\u00e8ves qui, dans la plupart du temps, reposent sur des revendications salariales et sociales qui peuvent \u00eatre prises en charge facilement au niveau des partenaires\u00bb.\u00a0<\/p>\n<p>Elle a ajout\u00e9 que \u00abplusieurs gr\u00e8ves ont \u00e9t\u00e9 enregistr\u00e9es le mois d\u2019avril dernier, notamment celle qui concerne le secteur de la m\u00e9tallurgie\u00bb. La ministre a insist\u00e9 \u00e0 cet effet sur la n\u00e9cessit\u00e9 d\u2019instaurer le dialogue pour trouver des solutions ad\u00e9quates. S\u2019agissant des pertes enregistr\u00e9es suite \u00e0 ces gr\u00e8ves, elle a indiqu\u00e9 qu\u2019elles sont estim\u00e9es \u00e0 un milliard de dollars.\u00a0<\/p>\n<p>Mettant par ailleurs l\u2019accent sur cette rencontre Mme Tamazirt a fait savoir que celle-ci constitue une s\u00e9ance d\u2019\u00e9valuation et d\u2019orientation des groupes industriels compos\u00e9s de plusieurs filiales strat\u00e9gique au niveau national. Cette rencontre, a-t-elle estim\u00e9, \u00abest n\u00e9cessaire pour assurer un suivi dans la mise en \u0153uvre de notre strat\u00e9gie sectorielle de d\u00e9veloppement d\u00e9clin\u00e9e \u00e0 l\u2019horizon 2025\u00bb. Ce plan, dit-elle, \u00aba notamment pour objectif la promotion et la facilitation de l\u2019investissement dans le secteur public au niveau des r\u00e9gions locales\u00bb.<\/p>\n<p><strong>Makhlouf Ait Ziane<\/strong><\/p>\n<p>Auteur: elmoudjahid<br \/>\n<a href=\"http:\/\/www.elmoudjahid.com\/fr\/actualites\/136683\">Cliquez ici pour lire l&rsquo;article depuis sa source.<\/a><\/p>\n","protected":false},"excerpt":{"rendered":"<p>\u00abL\u2019exportation doit \u00eatre la pr\u00e9occupation de l\u2019heure, pour r\u00e9pondre aux attentes de l\u2019\u00c9tat qui a investi des milliards de dollars\u00bb, a indiqu\u00e9, hier \u00e0 Alger, la ministre de l&rsquo;Industrie et des Mines, Djamila Tamazirt.\u00a0 S\u2019exprimant \u00e0 l\u2019occasion d\u2019une r\u00e9union avec les pr\u00e9sidents-directeurs g\u00e9n\u00e9raux des complexes industriels, elle a insist\u00e9 sur la n\u00e9cessit\u00e9 d\u2019encourager davantage l\u2019exportation, [&hellip;]<\/p>\n","protected":false},"author":1744,"featured_media":0,"comment_status":"closed","ping_status":"closed","sticky":false,"template":"","format":"standard","meta":{"fifu_image_url":"","fifu_image_alt":"","footnotes":""},"categories":[73,53],"tags":[],"class_list":["post-32770","post","type-post","status-publish","format-standard","hentry","category-actualite","category-algerie"],"_links":{"self":[{"href":"https:\/\/linitiative.ca\/International\/wp-json\/wp\/v2\/posts\/32770","targetHints":{"allow":["GET"]}}],"collection":[{"href":"https:\/\/linitiative.ca\/International\/wp-json\/wp\/v2\/posts"}],"about":[{"href":"https:\/\/linitiative.ca\/International\/wp-json\/wp\/v2\/types\/post"}],"author":[{"embeddable":true,"href":"https:\/\/linitiative.ca\/International\/wp-json\/wp\/v2\/users\/1744"}],"replies":[{"embeddable":true,"href":"https:\/\/linitiative.ca\/International\/wp-json\/wp\/v2\/comments?post=32770"}],"version-history":[{"count":0,"href":"https:\/\/linitiative.ca\/International\/wp-json\/wp\/v2\/posts\/32770\/revisions"}],"wp:attachment":[{"href":"https:\/\/linitiative.ca\/International\/wp-json\/wp\/v2\/media?parent=32770"}],"wp:term":[{"taxonomy":"category","embeddable":true,"href":"https:\/\/linitiative.ca\/International\/wp-json\/wp\/v2\/categories?post=32770"},{"taxonomy":"post_tag","embeddable":true,"href":"https:\/\/linitiative.ca\/International\/wp-json\/wp\/v2\/tags?post=32770"}],"curies":[{"name":"wp","href":"https:\/\/api.w.org\/{rel}","templated":true}]}}