{"id":32771,"date":"2019-05-07T15:19:14","date_gmt":"2019-05-07T19:19:14","guid":{"rendered":"https:\/\/linitiative.ca\/International\/conjoncture-temps-durs\/"},"modified":"2019-05-07T15:19:14","modified_gmt":"2019-05-07T19:19:14","slug":"conjoncture-temps-durs","status":"publish","type":"post","link":"https:\/\/linitiative.ca\/International\/conjoncture-temps-durs\/","title":{"rendered":"Conjoncture : Temps durs"},"content":{"rendered":"<p>De nombreux experts et observateurs pr\u00f4nent la prudence et mettent en garde contre le risque d\u2019une panne compl\u00e8te de l&rsquo;\u00e9conomie alg\u00e9rienne. Dans un contexte d&rsquo;incertitudes sur le commerce mondial, l\u2019\u00e9conomie alg\u00e9rienne tient \u00e0 peine face \u00e0 une conjoncture mondiale moins favorable et \u00e0 des incertitudes persistantes. Dans le contexte \u00e9conomique et financier actuel, le pays n\u2019est pas loin d\u2019une temp\u00eate qui risque de l\u2019entra\u00eener vers une crise majeure. Des signaux n\u00e9gatifs \u00e9mergent, notamment un important ralentissement. Si au cours des ann\u00e9es pr\u00e9c\u00e9dentes la position financi\u00e8re ext\u00e9rieure nette du pays \u00e9tait appr\u00e9ciable, ce qui a permis d\u2019absorber ou du moins att\u00e9nuer l\u2019effet du choc externe, aujourd\u2019hui la situation est tout autre. Les temps sont durs et plusieurs observateurs s\u2019inqui\u00e8tent effectivement quant \u00e0 la capacit\u00e9 de l\u2019Alg\u00e9rie \u00e0 tenir bon et \u00e0 supporter longtemps, et bien s\u00fbr \u00e0 honorer ses engagements. Certes, l\u2019Alg\u00e9rie pourrait \u00e9galement s\u2019appuyer sur un fonds substantiel mais le pays reste fortement d\u00e9pendant aux hydrocarbures. Une fois encore, c\u2019est un contexte national et international pour le moins incertain qui se pr\u00e9sente. Tout compte fait, une croissance soutenue permettrait certes d\u2019infl\u00e9chir l\u00e9g\u00e8rement la courbe du ch\u00f4mage et am\u00e9liorerait la consommation des m\u00e9nages, mais les incertitudes sont importantes. Celles-ci sont li\u00e9es aux conditions sociopolitiques actuelles du pays et surtout \u00e0 la fluctuation des cours du p\u00e9trole. La situation est telle que la croissance pourrait \u00eatre heurt\u00e9e par ces diff\u00e9rents probl\u00e8mes, qui mettent en \u00e9vidence les vuln\u00e9rabilit\u00e9s d\u2019un mod\u00e8le de croissance tr\u00e8s d\u00e9pendant aux hydrocarbures. C\u2019est donc en toute logique que la vigilance devrait \u00eatre de mise, surtout face \u00e0 l\u2019impact de la baisse des prix du p\u00e9trole. Dans ce contexte de ralentissement, les finances publiques alg\u00e9riennes risquent de se d\u00e9grader davantage, alors que la croissance de tous les secteurs est en berne. Cela devrait inciter les autorit\u00e9s \u00e0 engager des mesures pour relancer rapidement l\u2019\u00e9conomie. Et dans le cadre du renforcement des infrastructures de base sur l\u2019ensemble du territoire national, l\u2019effort devrait \u00eatre port\u00e9 sur les r\u00e9gions qui ont connu un certain retard. Les projets dans ce domaine permettraient d\u2019accro\u00eetre la comp\u00e9titivit\u00e9 et de faciliter le d\u00e9veloppement des micro, petites et moyennes entreprises, en mettant un accent particulier sur les cha\u00eenes de valeur de certaines industries et de la logistique. Il y a aussi le potentiel touristique \u00e0 exploiter. Il s\u2019agit surtout de promouvoir les patrimoines naturel et culturel, pour une offre diversifi\u00e9e, avec une mise aux normes internationales des lieux d\u2019h\u00e9bergement et des sites, ainsi que le renforcement des moyens de transport.<\/p>\n<p><strong>Farid Bouyahia<\/strong><\/p>\n<p>Auteur: elmoudjahid<br \/>\n<a href=\"http:\/\/www.elmoudjahid.com\/fr\/actualites\/136684\">Cliquez ici pour lire l&rsquo;article depuis sa source.<\/a><\/p>\n","protected":false},"excerpt":{"rendered":"<p>De nombreux experts et observateurs pr\u00f4nent la prudence et mettent en garde contre le risque d\u2019une panne compl\u00e8te de l&rsquo;\u00e9conomie alg\u00e9rienne. Dans un contexte d&rsquo;incertitudes sur le commerce mondial, l\u2019\u00e9conomie alg\u00e9rienne tient \u00e0 peine face \u00e0 une conjoncture mondiale moins favorable et \u00e0 des incertitudes persistantes. Dans le contexte \u00e9conomique et financier actuel, le pays [&hellip;]<\/p>\n","protected":false},"author":1744,"featured_media":0,"comment_status":"closed","ping_status":"closed","sticky":false,"template":"","format":"standard","meta":{"fifu_image_url":"","fifu_image_alt":"","footnotes":""},"categories":[73,53],"tags":[],"class_list":["post-32771","post","type-post","status-publish","format-standard","hentry","category-actualite","category-algerie"],"_links":{"self":[{"href":"https:\/\/linitiative.ca\/International\/wp-json\/wp\/v2\/posts\/32771","targetHints":{"allow":["GET"]}}],"collection":[{"href":"https:\/\/linitiative.ca\/International\/wp-json\/wp\/v2\/posts"}],"about":[{"href":"https:\/\/linitiative.ca\/International\/wp-json\/wp\/v2\/types\/post"}],"author":[{"embeddable":true,"href":"https:\/\/linitiative.ca\/International\/wp-json\/wp\/v2\/users\/1744"}],"replies":[{"embeddable":true,"href":"https:\/\/linitiative.ca\/International\/wp-json\/wp\/v2\/comments?post=32771"}],"version-history":[{"count":0,"href":"https:\/\/linitiative.ca\/International\/wp-json\/wp\/v2\/posts\/32771\/revisions"}],"wp:attachment":[{"href":"https:\/\/linitiative.ca\/International\/wp-json\/wp\/v2\/media?parent=32771"}],"wp:term":[{"taxonomy":"category","embeddable":true,"href":"https:\/\/linitiative.ca\/International\/wp-json\/wp\/v2\/categories?post=32771"},{"taxonomy":"post_tag","embeddable":true,"href":"https:\/\/linitiative.ca\/International\/wp-json\/wp\/v2\/tags?post=32771"}],"curies":[{"name":"wp","href":"https:\/\/api.w.org\/{rel}","templated":true}]}}