{"id":32772,"date":"2019-05-07T15:19:17","date_gmt":"2019-05-07T19:19:17","guid":{"rendered":"https:\/\/linitiative.ca\/International\/belmadi-andy-delort-est-tres-interessant\/"},"modified":"2019-05-07T15:19:17","modified_gmt":"2019-05-07T19:19:17","slug":"belmadi-andy-delort-est-tres-interessant","status":"publish","type":"post","link":"https:\/\/linitiative.ca\/International\/belmadi-andy-delort-est-tres-interessant\/","title":{"rendered":"Belmadi :   \u00ab Andy Delort  est tr\u00e8s int\u00e9ressant \u00bb"},"content":{"rendered":"<p>Alors qu\u2019Andy Delort a d\u00e9j\u00e0 entam\u00e9 les d\u00e9marches administratives pour obtenir ses papiers d\u2019identit\u00e9 alg\u00e9rien, Djamel Belmadi, le s\u00e9lectionneur des Verts, a ouvert la porte \u00e0 l\u2019attaquant montpelli\u00e9rain, qu\u2019il juge \u00abtr\u00e8s int\u00e9ressant\u00bb.<\/p>\n<p>Djamel Belamdi s\u2019est longuement prononc\u00e9 sur l\u2019actualit\u00e9 des Verts dimanche dernier sur le plateau de beIN Sports. Le s\u00e9lectionneur national n\u2019a pratiquement \u00e9lud\u00e9 aucune question, m\u00eame s\u2019il n\u2019a pas vraiment fait de d\u00e9clarations croustillantes ou distill\u00e9 des scoops. N\u00e9anmoins, l\u2019entra\u00eeneur des Verts s\u2019est prononc\u00e9 sur certains dossiers chauds de l\u2019\u00e9quipe nationale \u00e0 commencer par celui d\u2019Andy Delort, l\u2019attaquant de Montpellier (27 ans, 14 buts cette saison) qui fait parler de lui avec insistance ces derniers jours depuis qu\u2019il a d\u00e9clar\u00e9 son int\u00e9r\u00eat pour l\u2019\u00e9quipe nationale d\u2019Alg\u00e9rie.<\/p>\n<p>Andy Delort n\u2019a pas fait que lancer un appel du pied \u00e0 Djamel Belmadi et \u00e0 la FAF. Loin s\u2019en faut. L\u2019attaquant a entrepris des d\u00e9marches administratives pour obtenir la nationalit\u00e9 alg\u00e9rienne et devrait \u00eatre s\u00e9lectionnable dans quelques jours.<\/p>\n<p>Une d\u00e9marche qui n\u2019a naturellement pas laiss\u00e9 insensible le s\u00e9lectionneur national. Ce dernier a certes d\u00e9clar\u00e9 ne \u00abpas avoir rencontr\u00e9 Delort\u00bb, mais il n\u2019a pas cach\u00e9 non plus son int\u00e9r\u00eat. \u00ab\u00a0Lorsqu\u2019un joueur qui a des origines alg\u00e9riennes d\u00e9clare qu\u2019il veut d\u00e9fendre nos couleurs, c\u2019est toujours quelque chose de positif, car il manifeste de l\u2019int\u00e9r\u00eat pour l\u2019Alg\u00e9rie. Toutefois, le choix de le voir figurer prochainement dans le groupe appartiendra seulement \u00e0 Djamel Belmadi\u00bb, a confi\u00e9 cette semaine Khe\u00efreddine Zetchi, le pr\u00e9sident de la F\u00e9d\u00e9ration alg\u00e9rienne de football. Belmadi, justement, \u00e9tait invit\u00e9 sur beIN SPORTS dimanche pass\u00e9 et a \u00e9videmment \u00e9t\u00e9 questionn\u00e9 sur le sujet.<\/p>\n<p>\u00a0\u00ab Aouar ne sera pas l\u00e0 pour la CAN. \u00bb<\/p>\n<p>Autre \u00abcas\u00bb qui a fait jaser un temps, celui d\u2019Oussam Aouar que Djamel Belmadi voulait dans son groupe. Le jeune milieu de terrain de l\u2019OL ne s\u2019est jamais prononc\u00e9 sur son choix de s\u00e9lection en d\u00e9pit de plusieurs appels du pied du s\u00e9lectionneur national. Apr\u00e8s plusieurs mois de suspense, Djamel Belmadi a, semble t-il, ferm\u00e9 la parenth\u00e8se Aouar dans l\u2019imm\u00e9diat. \u00abJe ne l\u2019ai pas rencontr\u00e9. Je connais sa position.<\/p>\n<p>\u00a0Il a un Euro \u00e0 pr\u00e9parer avec la France. Par cons\u00e9quent, il ne sera pas l\u00e0 pour la CAN\u00bb, a d\u00e9clar\u00e9. Belmadi et d\u2019ajouter : \u00abJe n&rsquo;ai pas \u00e0 convaincre Aouar, c&rsquo;est \u00e0 lui d&rsquo;avoir envie et m\u00eame plus que \u00e7a, de venir porter le maillot de l&rsquo;Alg\u00e9rie. Il y a d&rsquo;autres joueurs qui se sont retrouv\u00e9s dans cette situation et qui ont choisi. Je n&rsquo;ai m\u00eame pas \u00e0 lui expliquer les tenants et les aboutissants, il les connait d\u00e9j\u00e0\u00bb. Pour le moment, \u00e7a reste un dossier clos.\u00a0<\/p>\n<p>\u00ab J\u2019h\u00e9site encore sur quelques postes. \u00bb\u00a0\u00a0<\/p>\n<p>Par ailleurs, le s\u00e9lectionneur national a fait savoir qu\u2019il se donne encore du temps avant d\u2019arr\u00eater sa liste d\u00e9finitive pour la CAN. A travers ses r\u00e9ponses, il a laiss\u00e9 entendre qu\u2019il n\u2019a pas encore d\u00e9finitivement tranch\u00e9 sur certains postes.\u00a0<\/p>\n<p>Pour d\u00e9voiler la liste des 23, il faut que je la connaisse moi-m\u00eame. Plus s\u00e9rieusement j&rsquo;ai une grande id\u00e9e mais on va attendre jusqu&rsquo;au bout, parce que je nourri la r\u00e9flexion sur quelques postes pour \u00eatre tr\u00e8s honn\u00eate. Le premier stage d\u00e9butera le 27 mai\u00bb , a-t-il pr\u00e9cis\u00e9. Djamel Belmadi s\u2019est plaint de ne pas avoir dispos\u00e9 de suffisamment de temps pour modeler son groupe.\u00a0<\/p>\n<p>\u00abCa fait un an que je suis \u00e0 la t\u00eate de la s\u00e9lection, c&rsquo;est \u00e0 la fois beaucoup et pas beaucoup, parce-que ce n&rsquo;est que 4 ou 5 dates FIFA.\u00a0<\/p>\n<p>Au final ce n&rsquo;est qu&rsquo;un mois v\u00e9cu ensemble avec les joueurs, 4 ou 5 fois une semaine\u00bb, a-t-il expliqu\u00e9. Cela ne l\u2019emp\u00eache pas pour autant d\u2019ambitionner de jouer le titre. \u00abCe n&rsquo;est pas une CAN de transition, je travaille tous les jours \u00e0 100% pour pouvoir la gagner, il n&rsquo;y a pas \u00e0 attendre. Il faut avoir cette ambition\u00bb, a-t-il conclu.<\/p>\n<p>Amar B.<\/p>\n<p>Auteur: elmoudjahid<br \/>\n<a href=\"http:\/\/www.elmoudjahid.com\/fr\/actualites\/136685\">Cliquez ici pour lire l&rsquo;article depuis sa source.<\/a><\/p>\n","protected":false},"excerpt":{"rendered":"<p>Alors qu\u2019Andy Delort a d\u00e9j\u00e0 entam\u00e9 les d\u00e9marches administratives pour obtenir ses papiers d\u2019identit\u00e9 alg\u00e9rien, Djamel Belmadi, le s\u00e9lectionneur des Verts, a ouvert la porte \u00e0 l\u2019attaquant montpelli\u00e9rain, qu\u2019il juge \u00abtr\u00e8s int\u00e9ressant\u00bb. Djamel Belamdi s\u2019est longuement prononc\u00e9 sur l\u2019actualit\u00e9 des Verts dimanche dernier sur le plateau de beIN Sports. Le s\u00e9lectionneur national n\u2019a pratiquement \u00e9lud\u00e9 [&hellip;]<\/p>\n","protected":false},"author":1744,"featured_media":0,"comment_status":"closed","ping_status":"closed","sticky":false,"template":"","format":"standard","meta":{"fifu_image_url":"","fifu_image_alt":"","footnotes":""},"categories":[73,53],"tags":[],"class_list":["post-32772","post","type-post","status-publish","format-standard","hentry","category-actualite","category-algerie"],"_links":{"self":[{"href":"https:\/\/linitiative.ca\/International\/wp-json\/wp\/v2\/posts\/32772","targetHints":{"allow":["GET"]}}],"collection":[{"href":"https:\/\/linitiative.ca\/International\/wp-json\/wp\/v2\/posts"}],"about":[{"href":"https:\/\/linitiative.ca\/International\/wp-json\/wp\/v2\/types\/post"}],"author":[{"embeddable":true,"href":"https:\/\/linitiative.ca\/International\/wp-json\/wp\/v2\/users\/1744"}],"replies":[{"embeddable":true,"href":"https:\/\/linitiative.ca\/International\/wp-json\/wp\/v2\/comments?post=32772"}],"version-history":[{"count":0,"href":"https:\/\/linitiative.ca\/International\/wp-json\/wp\/v2\/posts\/32772\/revisions"}],"wp:attachment":[{"href":"https:\/\/linitiative.ca\/International\/wp-json\/wp\/v2\/media?parent=32772"}],"wp:term":[{"taxonomy":"category","embeddable":true,"href":"https:\/\/linitiative.ca\/International\/wp-json\/wp\/v2\/categories?post=32772"},{"taxonomy":"post_tag","embeddable":true,"href":"https:\/\/linitiative.ca\/International\/wp-json\/wp\/v2\/tags?post=32772"}],"curies":[{"name":"wp","href":"https:\/\/api.w.org\/{rel}","templated":true}]}}