{"id":32775,"date":"2019-05-07T15:19:25","date_gmt":"2019-05-07T19:19:25","guid":{"rendered":"https:\/\/linitiative.ca\/International\/deces-de-lancien-president-ethiopien-signature-du-registre-de-condoleances\/"},"modified":"2019-05-07T15:19:25","modified_gmt":"2019-05-07T19:19:25","slug":"deces-de-lancien-president-ethiopien-signature-du-registre-de-condoleances","status":"publish","type":"post","link":"https:\/\/linitiative.ca\/International\/deces-de-lancien-president-ethiopien-signature-du-registre-de-condoleances\/","title":{"rendered":"D\u00e9c\u00e8s de l\u2019ancien Pr\u00e9sident \u00e9thiopien :   signature du registre  de condol\u00e9ances"},"content":{"rendered":"<div class=\"TxArtcile\" readability=\"30\">\n<div class=\"ImgCapt\"><img loading=\"lazy\" decoding=\"async\" width=\"208\" height=\"208\" src=\"http:\/\/www.elmoudjahid.com\/temp\/fr\/actualite2[136688].jpg\" alt=\"\" \/><span>D.R<\/span><\/div>\n<p>Le Secr\u00e9taire g\u00e9n\u00e9ral du minist\u00e8re des Affaires \u00e9trang\u00e8res, Beladehane Rachid, a sign\u00e9, hier au si\u00e8ge de l&rsquo;ambassade d&rsquo;\u00c9thiopie \u00e0 Alger, le registre de condol\u00e9ances au nom du gouvernement alg\u00e9rien, suite au d\u00e9c\u00e8s de l&rsquo;ancien Pr\u00e9sident \u00e9thiopien, Negasso Gidada. \u00abNous avons appris avec une profonde affliction la disparition, le 27 avril 2019, de Negasso Gidada, ancien pr\u00e9sident de la R\u00e9publique d\u00e9mocratique f\u00e9d\u00e9rale d&rsquo;\u00c9thiopie apr\u00e8s une vie pleine de bonnes actions et de d\u00e9vouement au service des int\u00e9r\u00eats supr\u00eames du peuple \u00e9thiopien fr\u00e8re\u00bb, a \u00e9crit M.\u2008Beladehane Rachid sur le registre de condol\u00e9ances.\u00a0 \u00a0\u00abEn cette douloureuse circonstance, j&rsquo;adresse au nom du Gouvernement alg\u00e9rien et en mon nom personnel mes sinc\u00e8res condol\u00e9ances et mes profonds sentiments de compassion et de solidarit\u00e9, \u00e0 la famille du d\u00e9funt, souhaitant que ces condol\u00e9ances, sinc\u00e8res et fraternelles, puissent leur pr\u00eater davantage de force et de courage pour surmonter cette p\u00e9nible \u00e9preuve\u00bb. \u00abL&rsquo;Alg\u00e9rie, qui r\u00e9it\u00e8re sa solidarit\u00e9 avec l&rsquo;\u00c9thiopie, est convaincue que le peuple \u00e9thiopien saura surmonter, avec courage, la perte d&rsquo;un de ses vaillants enfants\u00bb, a-t-il conclu.\u00a0<\/p>\n<\/div>\n<div class=\"ModliArtilUne\">\n<ul>\n<li><strong>Publi\u00e9 dans :<\/strong><\/li>\n<\/ul>\n<\/div>\n<div class=\"MbComIns\" id=\"newcom\" readability=\"5.69402985075\">\n<h6>DONNEZ VOTRE AVIS<\/h6>\n<p>Il n&rsquo;y a actuellement aucune r\u00e9action \u00e0 cette information. Soyez le premier \u00e0 r\u00e9agir !<\/p>\n<p><a href=\"\" rel=\"#popup\" class=\"login resetbutton\">Identifiez-vous<\/a><a class=\"button\" href=\"http:\/\/www.elmoudjahid.com\/fr\/inscription\/\"><span>S&rsquo;inscrire<\/span><\/a><\/p>\n<\/div>\n<p>Auteur: elmoudjahid<br \/>\n<a href=\"http:\/\/www.elmoudjahid.com\/fr\/actualites\/136688\">Cliquez ici pour lire l&rsquo;article depuis sa source.<\/a><\/p>\n","protected":false},"excerpt":{"rendered":"<p>D.R Le Secr\u00e9taire g\u00e9n\u00e9ral du minist\u00e8re des Affaires \u00e9trang\u00e8res, Beladehane Rachid, a sign\u00e9, hier au si\u00e8ge de l&rsquo;ambassade d&rsquo;\u00c9thiopie \u00e0 Alger, le registre de condol\u00e9ances au nom du gouvernement alg\u00e9rien, suite au d\u00e9c\u00e8s de l&rsquo;ancien Pr\u00e9sident \u00e9thiopien, Negasso Gidada. \u00abNous avons appris avec une profonde affliction la disparition, le 27 avril 2019, de Negasso Gidada, [&hellip;]<\/p>\n","protected":false},"author":1744,"featured_media":32776,"comment_status":"closed","ping_status":"closed","sticky":false,"template":"","format":"standard","meta":{"fifu_image_url":"","fifu_image_alt":"","footnotes":""},"categories":[73,53],"tags":[],"class_list":["post-32775","post","type-post","status-publish","format-standard","has-post-thumbnail","hentry","category-actualite","category-algerie"],"_links":{"self":[{"href":"https:\/\/linitiative.ca\/International\/wp-json\/wp\/v2\/posts\/32775","targetHints":{"allow":["GET"]}}],"collection":[{"href":"https:\/\/linitiative.ca\/International\/wp-json\/wp\/v2\/posts"}],"about":[{"href":"https:\/\/linitiative.ca\/International\/wp-json\/wp\/v2\/types\/post"}],"author":[{"embeddable":true,"href":"https:\/\/linitiative.ca\/International\/wp-json\/wp\/v2\/users\/1744"}],"replies":[{"embeddable":true,"href":"https:\/\/linitiative.ca\/International\/wp-json\/wp\/v2\/comments?post=32775"}],"version-history":[{"count":0,"href":"https:\/\/linitiative.ca\/International\/wp-json\/wp\/v2\/posts\/32775\/revisions"}],"wp:featuredmedia":[{"embeddable":true,"href":"https:\/\/linitiative.ca\/International\/wp-json\/"}],"wp:attachment":[{"href":"https:\/\/linitiative.ca\/International\/wp-json\/wp\/v2\/media?parent=32775"}],"wp:term":[{"taxonomy":"category","embeddable":true,"href":"https:\/\/linitiative.ca\/International\/wp-json\/wp\/v2\/categories?post=32775"},{"taxonomy":"post_tag","embeddable":true,"href":"https:\/\/linitiative.ca\/International\/wp-json\/wp\/v2\/tags?post=32775"}],"curies":[{"name":"wp","href":"https:\/\/api.w.org\/{rel}","templated":true}]}}