{"id":32783,"date":"2019-05-07T13:12:00","date_gmt":"2019-05-07T17:12:00","guid":{"rendered":"https:\/\/linitiative.ca\/International\/sidi-bel-abbes-les-citoyens-de-bouaiche-ferment-le-cw4\/"},"modified":"2019-05-07T13:12:00","modified_gmt":"2019-05-07T17:12:00","slug":"sidi-bel-abbes-les-citoyens-de-bouaiche-ferment-le-cw4","status":"publish","type":"post","link":"https:\/\/linitiative.ca\/International\/sidi-bel-abbes-les-citoyens-de-bouaiche-ferment-le-cw4\/","title":{"rendered":"SIDI BEL ABBES : Les citoyens de Bouaiche ferment le CW4"},"content":{"rendered":"<p><br id=\"sep_para_1\" class=\"sep_para access\"\/><\/p>\n<div id=\"para_1\" class=\"para_30822729 resize\">\n<div class=\"texte access firstletter\">Le lundi 06 mai 2019, la localit\u00e9\u00a0 de Boua\u00efche, 15 km au sud de Sidi Bel Abb\u00e8s,\u00a0 relevant de la commune de\u00a0 Hassi Dahou\u00a0 a\u00a0 connu un mouvement de protestation empreint d&rsquo;une grande col\u00e8re, le\u00a0 \u00e9ni\u00e8me du genre observ\u00e9 ces derniers temps sur le territoire de la wilaya, \u00e0 l&rsquo;issue de l&rsquo;affichage de la liste des b\u00e9n\u00e9ficiaires des 47 logements sociaux, apprend-on d&rsquo;une source concordante. Des dizaines de citoyens\u00a0 se disant exclus de la liste des 47 logements, ont vite ralli\u00e9 le CW 4\u00a0 reliant Tenira au chef-lieu de wilaya pour le fermer \u00e0 la circulation automobile au moyen de grosses pierres.\u00a0 Le mouvement, selon notre source a entra\u00een\u00e9 un grand d\u00e9sordre \u00e0 la circulation et caus\u00e9 des d\u00e9sagr\u00e9ments aux usagers de la route qui ont \u00e9t\u00e9 contraints de rebrousser chemin ou d&rsquo;\u00e9viter les contestataires en d\u00e9viant l&rsquo;itin\u00e9raire. Le chef de la Da\u00efra de Tenira, arriv\u00e9 pour apaiser les esprits \u00e9chaud\u00e9s aurait \u00e9t\u00e9 emp\u00each\u00e9 de pr\u00e9tendre \u00e0 un dialogue et aurait \u00e9prouv\u00e9 toutes les peines du monde pour faire demi-tour.\u00a0\u00a0\u00a0\u00a0\u00a0\u00a0\u00a0\u00a0\u00a0\u00a0<\/div>\n<\/div>\n<p>Auteur: M.Noui<br \/>\n<a href=\"https:\/\/www.reflexiondz.net\/SIDI-BEL-ABBES-Les-citoyens-de-Bouaiche-ferment-le-CW4_a55742.html\">Cliquez ici pour lire l&rsquo;article depuis sa source.<\/a><\/p>\n","protected":false},"excerpt":{"rendered":"<p>Le lundi 06 mai 2019, la localit\u00e9\u00a0 de Boua\u00efche, 15 km au sud de Sidi Bel Abb\u00e8s,\u00a0 relevant de la commune de\u00a0 Hassi Dahou\u00a0 a\u00a0 connu un mouvement de protestation empreint d&rsquo;une grande col\u00e8re, le\u00a0 \u00e9ni\u00e8me du genre observ\u00e9 ces derniers temps sur le territoire de la wilaya, \u00e0 l&rsquo;issue de l&rsquo;affichage de la liste [&hellip;]<\/p>\n","protected":false},"author":1740,"featured_media":0,"comment_status":"closed","ping_status":"closed","sticky":false,"template":"","format":"standard","meta":{"fifu_image_url":"","fifu_image_alt":"","footnotes":""},"categories":[53,76],"tags":[],"class_list":["post-32783","post","type-post","status-publish","format-standard","hentry","category-algerie","category-regions"],"_links":{"self":[{"href":"https:\/\/linitiative.ca\/International\/wp-json\/wp\/v2\/posts\/32783","targetHints":{"allow":["GET"]}}],"collection":[{"href":"https:\/\/linitiative.ca\/International\/wp-json\/wp\/v2\/posts"}],"about":[{"href":"https:\/\/linitiative.ca\/International\/wp-json\/wp\/v2\/types\/post"}],"author":[{"embeddable":true,"href":"https:\/\/linitiative.ca\/International\/wp-json\/wp\/v2\/users\/1740"}],"replies":[{"embeddable":true,"href":"https:\/\/linitiative.ca\/International\/wp-json\/wp\/v2\/comments?post=32783"}],"version-history":[{"count":0,"href":"https:\/\/linitiative.ca\/International\/wp-json\/wp\/v2\/posts\/32783\/revisions"}],"wp:attachment":[{"href":"https:\/\/linitiative.ca\/International\/wp-json\/wp\/v2\/media?parent=32783"}],"wp:term":[{"taxonomy":"category","embeddable":true,"href":"https:\/\/linitiative.ca\/International\/wp-json\/wp\/v2\/categories?post=32783"},{"taxonomy":"post_tag","embeddable":true,"href":"https:\/\/linitiative.ca\/International\/wp-json\/wp\/v2\/tags?post=32783"}],"curies":[{"name":"wp","href":"https:\/\/api.w.org\/{rel}","templated":true}]}}