{"id":32791,"date":"2019-05-07T13:20:00","date_gmt":"2019-05-07T17:20:00","guid":{"rendered":"https:\/\/linitiative.ca\/International\/massacres-du-8-mai-1945-la-responsabilite-historique-hante-letat-francais\/"},"modified":"2019-05-07T13:20:00","modified_gmt":"2019-05-07T17:20:00","slug":"massacres-du-8-mai-1945-la-responsabilite-historique-hante-letat-francais","status":"publish","type":"post","link":"https:\/\/linitiative.ca\/International\/massacres-du-8-mai-1945-la-responsabilite-historique-hante-letat-francais\/","title":{"rendered":"MASSACRES DU 8 MAI 1945 : La responsabilit\u00e9 historique hante l&rsquo;Etat fran\u00e7ais"},"content":{"rendered":"<p><br id=\"sep_para_1\" class=\"sep_para access\"\/><\/p>\n<div id=\"para_1\" class=\"para_30822818 resize\">\n<div class=\"photo shadow left\"><a href=\"javascript:void(0)\" rel=\"https:\/\/www.reflexiondz.net\/photo\/art\/grande\/33441448-30822818.jpg?v=1557252631&#038;ibox\" title=\"MASSACRES DU 8 MAI 1945 : La responsabilit\u00e9 historique hante l'Etat fran\u00e7ais\"><img decoding=\"async\" class=\"responsive c9\" src=\"https:\/\/www.reflexiondz.net\/photo\/art\/grande\/33441448-30822818.jpg?v=1557252631\" alt=\"MASSACRES DU 8 MAI 1945 : La responsabilit\u00e9 historique hante l'Etat fran\u00e7ais\" title=\"MASSACRES DU 8 MAI 1945 : La responsabilit\u00e9 historique hante l'Etat fran\u00e7ais\"\/><img decoding=\"async\" class=\"not-responsive\" src=\"https:\/\/www.reflexiondz.net\/photo\/art\/default\/33441448-30822818.jpg?v=1557252634\" alt=\"MASSACRES DU 8 MAI 1945 : La responsabilit\u00e9 historique hante l'Etat fran\u00e7ais\" title=\"MASSACRES DU 8 MAI 1945 : La responsabilit\u00e9 historique hante l'Etat fran\u00e7ais\"\/><\/a><\/div>\n<div class=\"texte access firstletter\">Ces crimes commis par l&rsquo;arm\u00e9e fran\u00e7aise durant la colonisation de l&rsquo;Alg\u00e9rie se sont invit\u00e9s dans le \u00ab\u00a0grand d\u00e9bat national\u00a0\u00bb lanc\u00e9 par le pr\u00e9sident Emmanuel Macron dans le but de r\u00e9soudre la crise sociale devenue politique. L&rsquo;opportunit\u00e9 de ce d\u00e9bat a \u00e9t\u00e9 l&rsquo;occasion de mettre \u00e0 nu la face hideuse du colonialisme fran\u00e7ais que les autorit\u00e9s de la France se sont attel\u00e9es, quelques ann\u00e9es auparavant, \u00e0 en consacrer la glorification \u00e0 travers un texte de loi avant de se trouver, \u00e0 pr\u00e9sent, contraintes de d\u00e9voiler son c\u00f4t\u00e9 sombre. C&rsquo;est dans ce cadre que l&rsquo;anticolonialiste Henri Pouillot a adress\u00e9, en tant que t\u00e9moin de la Guerre de lib\u00e9ration nationale, une lettre au chef d&rsquo;Etat fran\u00e7ais soulignant le besoin imp\u00e9rieux pour \u00ab\u00a0leur g\u00e9n\u00e9ration d\u2019anciens combattants que les crimes contre l\u2019humanit\u00e9 (tortures, viols, crevettes Bigeard et corv\u00e9es de bois), les crimes de guerre (600 \u00e0 800 villages ras\u00e9s au napalm et utilisation du gaz VX et Sarin&#8230;) et les crimes d\u2019Etat (massacres de S\u00e9tif\/Guelma\/Kherrata en mai 1945 et massacres du 17 octobre 1961 \u00e0 Paris) soient reconnus comme tels et condamn\u00e9s et qu\u2019ils ne soient plus consid\u00e9r\u00e9s comme ayant \u00e9t\u00e9 les responsables de leur ex\u00e9cution. La pression de la rue sur les autorit\u00e9s fran\u00e7aises s&rsquo;est illustr\u00e9e, fin avril, par un appel lanc\u00e9, \u00e0 l&rsquo;occasion de la comm\u00e9moration des massacres du 8 mai 1945, par un Collectif compos\u00e9 de 31 associations, un syndicat (l&rsquo;Union syndicale Solidaires) et 6 partis politiques \u00e0 des \u00ab\u00a0gestes forts\u00a0\u00bb des plus hautes autorit\u00e9s de l&rsquo;Etat fran\u00e7ais, \u00e0 l\u2019ouverture de toutes les archives et \u00e0 l\u2019inscription dans la m\u00e9moire nationale de ces \u00e9v\u00e9nements et un soutien \u00e0 la diffusion de documentaires relatifs aux \u00e9v\u00e8nements dans l\u2019Education nationale comme dans les m\u00e9dias publics. Le m\u00eame collectif, qui appelle \u00e0 un rassemblement le 8 mai \u00e0 la place du Chatelet \u00e0 Paris, a estim\u00e9 \u00ab\u00a0impossible\u00a0\u00bb de c\u00e9l\u00e9brer l\u2019anniversaire de la victoire contre le fascisme \u00ab\u00a0sans vouloir arracher \u00e0 l\u2019oubli ce qui s\u2019est pass\u00e9 en Alg\u00e9rie ce m\u00eame 8 mai 1945 et les jours suivants\u00a0\u00bb.<\/div>\n<\/div>\n<p>Auteur: Ismain<br \/>\n<a href=\"https:\/\/www.reflexiondz.net\/MASSACRES-DU-8-MAI-1945-La-responsabilite-historique-hante-l-Etat-francais_a55752.html\">Cliquez ici pour lire l&rsquo;article depuis sa source.<\/a><\/p>\n","protected":false},"excerpt":{"rendered":"<p>Ces crimes commis par l&rsquo;arm\u00e9e fran\u00e7aise durant la colonisation de l&rsquo;Alg\u00e9rie se sont invit\u00e9s dans le \u00ab\u00a0grand d\u00e9bat national\u00a0\u00bb lanc\u00e9 par le pr\u00e9sident Emmanuel Macron dans le but de r\u00e9soudre la crise sociale devenue politique. L&rsquo;opportunit\u00e9 de ce d\u00e9bat a \u00e9t\u00e9 l&rsquo;occasion de mettre \u00e0 nu la face hideuse du colonialisme fran\u00e7ais que les autorit\u00e9s [&hellip;]<\/p>\n","protected":false},"author":1740,"featured_media":0,"comment_status":"closed","ping_status":"closed","sticky":false,"template":"","format":"standard","meta":{"fifu_image_url":"","fifu_image_alt":"","footnotes":""},"categories":[53,76],"tags":[],"class_list":["post-32791","post","type-post","status-publish","format-standard","hentry","category-algerie","category-regions"],"_links":{"self":[{"href":"https:\/\/linitiative.ca\/International\/wp-json\/wp\/v2\/posts\/32791","targetHints":{"allow":["GET"]}}],"collection":[{"href":"https:\/\/linitiative.ca\/International\/wp-json\/wp\/v2\/posts"}],"about":[{"href":"https:\/\/linitiative.ca\/International\/wp-json\/wp\/v2\/types\/post"}],"author":[{"embeddable":true,"href":"https:\/\/linitiative.ca\/International\/wp-json\/wp\/v2\/users\/1740"}],"replies":[{"embeddable":true,"href":"https:\/\/linitiative.ca\/International\/wp-json\/wp\/v2\/comments?post=32791"}],"version-history":[{"count":0,"href":"https:\/\/linitiative.ca\/International\/wp-json\/wp\/v2\/posts\/32791\/revisions"}],"wp:attachment":[{"href":"https:\/\/linitiative.ca\/International\/wp-json\/wp\/v2\/media?parent=32791"}],"wp:term":[{"taxonomy":"category","embeddable":true,"href":"https:\/\/linitiative.ca\/International\/wp-json\/wp\/v2\/categories?post=32791"},{"taxonomy":"post_tag","embeddable":true,"href":"https:\/\/linitiative.ca\/International\/wp-json\/wp\/v2\/tags?post=32791"}],"curies":[{"name":"wp","href":"https:\/\/api.w.org\/{rel}","templated":true}]}}