{"id":32792,"date":"2019-05-07T13:59:00","date_gmt":"2019-05-07T17:59:00","guid":{"rendered":"https:\/\/linitiative.ca\/International\/mascara-le-maire-de-bouhenni-agresse-un-protestataire\/"},"modified":"2019-05-07T13:59:00","modified_gmt":"2019-05-07T17:59:00","slug":"mascara-le-maire-de-bouhenni-agresse-un-protestataire","status":"publish","type":"post","link":"https:\/\/linitiative.ca\/International\/mascara-le-maire-de-bouhenni-agresse-un-protestataire\/","title":{"rendered":"MASCARA  : Le maire de Bouhenni agresse un protestataire"},"content":{"rendered":"<p><br id=\"sep_para_1\" class=\"sep_para access\"\/><\/p>\n<div id=\"para_1\" class=\"para_30823344 resize\">\n<div class=\"photo shadow left\"><a href=\"javascript:void(0)\" rel=\"https:\/\/www.reflexiondz.net\/photo\/art\/grande\/33442382-30823344.jpg?v=1557253078&#038;ibox\" title=\"MASCARA : Le maire de Bouhenni agresse un protestataire\"><img decoding=\"async\" class=\"responsive c9\" src=\"https:\/\/www.reflexiondz.net\/photo\/art\/grande\/33442382-30823344.jpg?v=1557253078\" alt=\"MASCARA : Le maire de Bouhenni agresse un protestataire\" title=\"MASCARA : Le maire de Bouhenni agresse un protestataire\"\/><img decoding=\"async\" class=\"not-responsive\" src=\"https:\/\/www.reflexiondz.net\/photo\/art\/default\/33442382-30823344.jpg?v=1557253079\" alt=\"MASCARA : Le maire de Bouhenni agresse un protestataire\" title=\"MASCARA : Le maire de Bouhenni agresse un protestataire\"\/><\/a><\/div>\n<div class=\"texte access firstletter\">Suite au sit-in qu\u2019observe les habitants de la ville de Bouhenni devant le si\u00e8ge de l\u2019APC pour la deuxi\u00e8me journ\u00e9e cons\u00e9cutive, le maire revenant d\u2019un cong\u00e9 de maladie,\u00a0 a selon la d\u00e9claration des protestataires, agress\u00e9 un jeune avec une clef lui causant une profonde plaie.\u00a0 A\u00a0 ce sujet, le maire\u00a0 ne nie pas\u00a0 son comportement et d\u00e9clare : \u2018\u2019 je n\u2019ai pas agress\u00e9 le jeune en question, lorsque je m\u2019appr\u00eatais \u00e0 rejoindre mon bureau, les protestataires m\u2019ont adress\u00e9 des insultes, des crachats et m\u2019ont m\u00eame bouscul\u00e9 et pouss\u00e9, alors que le jeune en question se trouvait devant moi, je l\u2019ai touch\u00e9 au front, une bousculade n\u2019est pas une agression\u2019\u2019. A\u00a0 l\u2019APC de Bouhenni,\u00a0 les choses se g\u00e2tent et risquent de virer au pourrissement si les autorit\u00e9s de la wilaya n\u2019interviennent pas, a d\u00e9clar\u00e9 un citoyen du village, r\u00e9pondant au pr\u00e9nom d\u2019Abdelkader.\u00a0\u00a0\u00a0\u00a0\u00a0\u00a0<\/div>\n<\/div>\n<p>Auteur: B.Boufaden<br \/>\n<a href=\"https:\/\/www.reflexiondz.net\/MASCARA-Le-maire-de-Bouhenni-agresse-un-protestataire_a55757.html\">Cliquez ici pour lire l&rsquo;article depuis sa source.<\/a><\/p>\n","protected":false},"excerpt":{"rendered":"<p>Suite au sit-in qu\u2019observe les habitants de la ville de Bouhenni devant le si\u00e8ge de l\u2019APC pour la deuxi\u00e8me journ\u00e9e cons\u00e9cutive, le maire revenant d\u2019un cong\u00e9 de maladie,\u00a0 a selon la d\u00e9claration des protestataires, agress\u00e9 un jeune avec une clef lui causant une profonde plaie.\u00a0 A\u00a0 ce sujet, le maire\u00a0 ne nie pas\u00a0 son comportement [&hellip;]<\/p>\n","protected":false},"author":1740,"featured_media":0,"comment_status":"closed","ping_status":"closed","sticky":false,"template":"","format":"standard","meta":{"fifu_image_url":"","fifu_image_alt":"","footnotes":""},"categories":[53,76],"tags":[],"class_list":["post-32792","post","type-post","status-publish","format-standard","hentry","category-algerie","category-regions"],"_links":{"self":[{"href":"https:\/\/linitiative.ca\/International\/wp-json\/wp\/v2\/posts\/32792","targetHints":{"allow":["GET"]}}],"collection":[{"href":"https:\/\/linitiative.ca\/International\/wp-json\/wp\/v2\/posts"}],"about":[{"href":"https:\/\/linitiative.ca\/International\/wp-json\/wp\/v2\/types\/post"}],"author":[{"embeddable":true,"href":"https:\/\/linitiative.ca\/International\/wp-json\/wp\/v2\/users\/1740"}],"replies":[{"embeddable":true,"href":"https:\/\/linitiative.ca\/International\/wp-json\/wp\/v2\/comments?post=32792"}],"version-history":[{"count":0,"href":"https:\/\/linitiative.ca\/International\/wp-json\/wp\/v2\/posts\/32792\/revisions"}],"wp:attachment":[{"href":"https:\/\/linitiative.ca\/International\/wp-json\/wp\/v2\/media?parent=32792"}],"wp:term":[{"taxonomy":"category","embeddable":true,"href":"https:\/\/linitiative.ca\/International\/wp-json\/wp\/v2\/categories?post=32792"},{"taxonomy":"post_tag","embeddable":true,"href":"https:\/\/linitiative.ca\/International\/wp-json\/wp\/v2\/tags?post=32792"}],"curies":[{"name":"wp","href":"https:\/\/api.w.org\/{rel}","templated":true}]}}