{"id":32802,"date":"2019-05-07T05:00:53","date_gmt":"2019-05-07T09:00:53","guid":{"rendered":"https:\/\/linitiative.ca\/International\/mostaganem-des-manifestants-ferment-la-rn-11\/"},"modified":"2019-05-07T05:00:53","modified_gmt":"2019-05-07T09:00:53","slug":"mostaganem-des-manifestants-ferment-la-rn-11","status":"publish","type":"post","link":"https:\/\/linitiative.ca\/International\/mostaganem-des-manifestants-ferment-la-rn-11\/","title":{"rendered":"Mostaganem :\u00a0Des manifestants ferment la RN 11"},"content":{"rendered":"<h4 class=\"title-14\"\/>\n<div class=\"featured_image\"><img width=\"800\" height=\"391\" data-cfsrc=\"https:\/\/www.elwatan.com\/wp-content\/uploads\/2019\/05\/MANIF.gif\" class=\"attachment-post-thumbnail size-post-thumbnail wp-post-image c1\" alt=\"\"\/><noscript><\/p>\n<p><img loading=\"lazy\" decoding=\"async\" width=\"800\" height=\"391\" src=\"https:\/\/www.elwatan.com\/wp-content\/uploads\/2019\/05\/MANIF.gif\" class=\"attachment-post-thumbnail size-post-thumbnail wp-post-image\" alt=\"\"\/><\/p>\n<p><\/noscript><\/div>\n<p class=\"p4\"><span class=\"s3\"><strong>L<\/strong><\/span><span class=\"s4\">e ph\u00e9nom\u00e8ne de fermeture des routes auquel recourent souvent les citoyens en difficult\u00e9, semble prendre de l\u2019ampleur dans la wilaya de Mostaganem.<\/span><\/p>\n<p class=\"p4\"><span class=\"s4\">En effet, des dizaines de manifestants de la localit\u00e9 de Benabdelmalek Ramdane, \u00e0 32 km \u00e0 l\u2019est de Mostaganem, ont ferm\u00e9, dimanche en d\u00e9but d\u2019apr\u00e8s-midi, la route nationale n\u00b011, reliant Mostaganem au Dahra Est, \u00e0 la circulation et dans les deux sens au niveau du phare. Les protestataires refusaient de d\u00e9voiler leurs revendications \u00e0 la presse et aux services de s\u00e9curit\u00e9.<\/span><\/p>\n<p class=\"p4\"><span class=\"s4\">Ils affirment qu\u2019ils ne parleront qu\u2019en pr\u00e9sence des autorit\u00e9s de la wilaya de Mostaganem. Selon des indiscr\u00e9tions, leurs principales dol\u00e9ances ont trait, entre autres, \u00e0 l\u2019am\u00e9lioration du cadre de vie dans leur commune et un quota suppl\u00e9mentaire de logements sociaux et ruraux.<\/span><\/p>\n<p class=\"p4\"><span class=\"s4\">Le blocage de cette route n\u00e9vralgique a entra\u00een\u00e9 un \u00e9norme bouchon de plusieurs kilom\u00e8tres, et ce malgr\u00e9 le dispositif de gendarmerie d\u00e9ploy\u00e9 sur les lieux pour tenter de rouvrir la route qui a \u00e9t\u00e9 bloqu\u00e9e \u00e0 l\u2019aide de pierres, d\u2019objets h\u00e9t\u00e9roclites et notamment par des voitures manifestants.<\/span><\/p>\n<p class=\"p4\"><span class=\"s4\">Les automobilistes \u00e9taient contraints de rebrousser chemin pour faire de grands d\u00e9tours afin d\u2019arriver \u00e0 leurs destinations. Ils demandent la pr\u00e9sence des autorit\u00e9s de la wilaya. <em>\u00abIl faut qu\u2019on mette un terme\u00a0aux blocages des routes! Jusqu\u2019\u00e0 quand\u00a0les citoyens devront-ils subir les frais de ces protestations qui se r\u00e9p\u00e8tent \u00e0 chaque fois\u00a0?\u00bb<\/em>\u00a0diront des automobilistes. C\u2019est dire tout le calvaire des usagers.<\/span><\/p>\n<div class=\"yuzo_related_post style-1\" data-version=\"5.12.88\">\n<p><h3>Related Post<\/h3>\n<\/p>\n<div class=\"yuzo_wraps\">\n<div class=\"relatedthumb relatedpost-570107 c11\"><a href=\"https:\/\/www.elwatan.com\/edition\/actualite\/office-du-complexe-olympique-oco-les-predateurs-ont-fait-main-basse-sur-lunite-golf-16-04-2019\"\/><\/p>\n<p><span class=\"yuzo__text--title c10\">Office du complexe olympique (OCO) : Les pr\u00e9dateur&#8230;<\/span><\/div>\n<div class=\"relatedthumb relatedpost-564723 c11\"><a href=\"https:\/\/www.elwatan.com\/edition\/actualite\/le-syndicat-ugta-des-impots-adhere-au-mouvement-populaire-a-mascara-19-03-2019\"\/><\/p>\n<p><span class=\"yuzo__text--title c10\">Le syndicat UGTA des imp\u00f4ts adh\u00e8re au mouvement po&#8230;<\/span><\/div>\n<div class=\"relatedthumb relatedpost-570165 c11\"><a href=\"https:\/\/www.elwatan.com\/edition\/sports\/les-bejaouis-visent-lexploit-3-16-04-2019\"\/><\/p>\n<p><span class=\"yuzo__text--title c10\">Les B\u00e9jaouis visent l\u2019exploit<\/span><\/div>\n<div class=\"relatedthumb relatedpost-240671 c11\"><a href=\"https:\/\/www.elwatan.com\/regions\/kabylie\/bejaia\/sidi-ayad-ouverture-de-pistes-agricoles-04-12-2018\"\/><\/p>\n<p><span class=\"yuzo__text--title c10\">Sidi Ayad : Ouverture de pistes agricoles<\/span><\/div>\n<\/div>\n<\/div>\n<p><span class=\"post-views-label\">Post Views:<\/span> <span class=\"post-views-count\">187<\/span><\/p>\n<p>Auteur: Anis Khecheba<br \/>\n<a href=\"https:\/\/www.elwatan.com\/regions\/ouest\/mostaganem\/mostaganem-des-manifestants-ferment-la-rn-11-07-05-2019\">Cliquez ici pour lire l&rsquo;article depuis sa source.<\/a><\/p>\n","protected":false},"excerpt":{"rendered":"<p>Le ph\u00e9nom\u00e8ne de fermeture des routes auquel recourent souvent les citoyens en difficult\u00e9, semble prendre de l\u2019ampleur dans la wilaya de Mostaganem. En effet, des dizaines de manifestants de la localit\u00e9 de Benabdelmalek Ramdane, \u00e0 32 km \u00e0 l\u2019est de Mostaganem, ont ferm\u00e9, dimanche en d\u00e9but d\u2019apr\u00e8s-midi, la route nationale n\u00b011, reliant Mostaganem au Dahra [&hellip;]<\/p>\n","protected":false},"author":1743,"featured_media":32803,"comment_status":"closed","ping_status":"closed","sticky":false,"template":"","format":"standard","meta":{"fifu_image_url":"","fifu_image_alt":"","footnotes":""},"categories":[73,53],"tags":[],"class_list":["post-32802","post","type-post","status-publish","format-standard","has-post-thumbnail","hentry","category-actualite","category-algerie"],"_links":{"self":[{"href":"https:\/\/linitiative.ca\/International\/wp-json\/wp\/v2\/posts\/32802","targetHints":{"allow":["GET"]}}],"collection":[{"href":"https:\/\/linitiative.ca\/International\/wp-json\/wp\/v2\/posts"}],"about":[{"href":"https:\/\/linitiative.ca\/International\/wp-json\/wp\/v2\/types\/post"}],"author":[{"embeddable":true,"href":"https:\/\/linitiative.ca\/International\/wp-json\/wp\/v2\/users\/1743"}],"replies":[{"embeddable":true,"href":"https:\/\/linitiative.ca\/International\/wp-json\/wp\/v2\/comments?post=32802"}],"version-history":[{"count":0,"href":"https:\/\/linitiative.ca\/International\/wp-json\/wp\/v2\/posts\/32802\/revisions"}],"wp:featuredmedia":[{"embeddable":true,"href":"https:\/\/linitiative.ca\/International\/wp-json\/"}],"wp:attachment":[{"href":"https:\/\/linitiative.ca\/International\/wp-json\/wp\/v2\/media?parent=32802"}],"wp:term":[{"taxonomy":"category","embeddable":true,"href":"https:\/\/linitiative.ca\/International\/wp-json\/wp\/v2\/categories?post=32802"},{"taxonomy":"post_tag","embeddable":true,"href":"https:\/\/linitiative.ca\/International\/wp-json\/wp\/v2\/tags?post=32802"}],"curies":[{"name":"wp","href":"https:\/\/api.w.org\/{rel}","templated":true}]}}